{"id":61522,"date":"2026-04-28T09:39:21","date_gmt":"2026-04-28T12:39:21","guid":{"rendered":"http:\/\/masquenoticiastucuman.com.ar\/?p=61522"},"modified":"2026-04-28T09:39:21","modified_gmt":"2026-04-28T12:39:21","slug":"el-gobierno-presento-al-campo-su-propuesta-para-la-fiscalizacion-de-semillas-participaran-los-privados-en-el-control-pero-solo-se-aplicaria-sobre-variedades-nuevas","status":"publish","type":"post","link":"https:\/\/masquenoticiastucuman.com.ar\/?p=61522","title":{"rendered":"El Gobierno present\u00f3 al campo su propuesta para la fiscalizaci\u00f3n de semillas: participar\u00e1n los privados en el control, pero solo se aplicar\u00eda sobre variedades nuevas"},"content":{"rendered":"<ul>\n<li>Fue durante una reuni\u00f3n que encabez\u00f3 el ministro de Desregulaci\u00f3n y Transformaci\u00f3n del Estados, Federico Sturzenegger, con representantes del sector.<\/li>\n<li>El proyecto no modificar\u00eda la ley de fondo. En el agro consideraron el nuevo esquema como &#8220;positivo&#8221;.<\/li>\n<\/ul>\n<p>\u200bFue durante una reuni\u00f3n que encabez\u00f3 el ministro de Desregulaci\u00f3n y Transformaci\u00f3n del Estados, Federico Sturzenegger, con representantes del sector.El proyecto no modificar\u00eda la ley de fondo. En el agro consideraron el nuevo esquema como &#8220;positivo&#8221;.\u00a0<a href=\"https:\/\/www.clarin.com\/rural\/gobierno-presento-campo-propuesta-fiscalizacion-semillas-participaran-privados-control-solo-aplicaria-variedades-nuevas_0_73oFpZmGT5.html\" target=\"_blank\" class=\"feedzy-rss-link-icon\">Read More<\/a><\/p>","protected":false},"excerpt":{"rendered":"<p>Fue durante una reuni\u00f3n que encabez\u00f3 el ministro de Desregulaci\u00f3n y Transformaci\u00f3n del Estados, Federico&#8230;<\/p>\n","protected":false},"author":1,"featured_media":0,"comment_status":"open","ping_status":"open","sticky":false,"template":"","format":"standard","meta":{"footnotes":""},"categories":[3],"tags":[],"class_list":["post-61522","post","type-post","status-publish","format-standard","has-post-thumbnail","hentry","category-nacionales"],"_links":{"self":[{"href":"https:\/\/masquenoticiastucuman.com.ar\/index.php?rest_route=\/wp\/v2\/posts\/61522","targetHints":{"allow":["GET"]}}],"collection":[{"href":"https:\/\/masquenoticiastucuman.com.ar\/index.php?rest_route=\/wp\/v2\/posts"}],"about":[{"href":"https:\/\/masquenoticiastucuman.com.ar\/index.php?rest_route=\/wp\/v2\/types\/post"}],"author":[{"embeddable":true,"href":"https:\/\/masquenoticiastucuman.com.ar\/index.php?rest_route=\/wp\/v2\/users\/1"}],"replies":[{"embeddable":true,"href":"https:\/\/masquenoticiastucuman.com.ar\/index.php?rest_route=%2Fwp%2Fv2%2Fcomments&post=61522"}],"version-history":[{"count":0,"href":"https:\/\/masquenoticiastucuman.com.ar\/index.php?rest_route=\/wp\/v2\/posts\/61522\/revisions"}],"wp:attachment":[{"href":"https:\/\/masquenoticiastucuman.com.ar\/index.php?rest_route=%2Fwp%2Fv2%2Fmedia&parent=61522"}],"wp:term":[{"taxonomy":"category","embeddable":true,"href":"https:\/\/masquenoticiastucuman.com.ar\/index.php?rest_route=%2Fwp%2Fv2%2Fcategories&post=61522"},{"taxonomy":"post_tag","embeddable":true,"href":"https:\/\/masquenoticiastucuman.com.ar\/index.php?rest_route=%2Fwp%2Fv2%2Ftags&post=61522"}],"curies":[{"name":"wp","href":"https:\/\/api.w.org\/{rel}","templated":true}]}}