{"id":61524,"date":"2026-04-28T10:10:04","date_gmt":"2026-04-28T13:10:04","guid":{"rendered":"http:\/\/masquenoticiastucuman.com.ar\/?p=61524"},"modified":"2026-04-28T10:10:04","modified_gmt":"2026-04-28T13:10:04","slug":"honores-militares-bilateral-con-trump-y-discurso-en-el-capitolio-jornada-a-toda-pompa-de-carlos-iii-en-washington","status":"publish","type":"post","link":"https:\/\/masquenoticiastucuman.com.ar\/?p=61524","title":{"rendered":"Honores militares, bilateral con Trump y discurso en el Capitolio: jornada a toda pompa de Carlos III en Washington"},"content":{"rendered":"<ul>\n<li>Con un notable aumento de la seguridad, el rey y la reina Camila ser\u00e1n recibido con honores militares en la Casa Blanca. <\/li>\n<li>Es es el segundo d\u00eda de la visita real a Estados Unidos, jornada que cerrar\u00e1 por la noche con una cena de Estado.<\/li>\n<\/ul>\n<p>\u200bCon un notable aumento de la seguridad, el rey y la reina Camila ser\u00e1n recibido con honores militares en la Casa Blanca. Es es el segundo d\u00eda de la visita real a Estados Unidos, jornada que cerrar\u00e1 por la noche con una cena de Estado.\u00a0<a href=\"https:\/\/www.clarin.com\/mundo\/honores-militares-bilateral-trump-discurso-capitolio-jornada-toda-pompa-carlos-iii-washington_0_87xp20SMMS.html\" target=\"_blank\" class=\"feedzy-rss-link-icon\">Read More<\/a><\/p>","protected":false},"excerpt":{"rendered":"<p>Con un notable aumento de la seguridad, el rey y la reina Camila ser\u00e1n recibido&#8230;<\/p>\n","protected":false},"author":1,"featured_media":61525,"comment_status":"open","ping_status":"open","sticky":false,"template":"","format":"standard","meta":{"footnotes":""},"categories":[4],"tags":[],"class_list":["post-61524","post","type-post","status-publish","format-standard","has-post-thumbnail","hentry","category-internacionales"],"_links":{"self":[{"href":"https:\/\/masquenoticiastucuman.com.ar\/index.php?rest_route=\/wp\/v2\/posts\/61524","targetHints":{"allow":["GET"]}}],"collection":[{"href":"https:\/\/masquenoticiastucuman.com.ar\/index.php?rest_route=\/wp\/v2\/posts"}],"about":[{"href":"https:\/\/masquenoticiastucuman.com.ar\/index.php?rest_route=\/wp\/v2\/types\/post"}],"author":[{"embeddable":true,"href":"https:\/\/masquenoticiastucuman.com.ar\/index.php?rest_route=\/wp\/v2\/users\/1"}],"replies":[{"embeddable":true,"href":"https:\/\/masquenoticiastucuman.com.ar\/index.php?rest_route=%2Fwp%2Fv2%2Fcomments&post=61524"}],"version-history":[{"count":0,"href":"https:\/\/masquenoticiastucuman.com.ar\/index.php?rest_route=\/wp\/v2\/posts\/61524\/revisions"}],"wp:featuredmedia":[{"embeddable":true,"href":"https:\/\/masquenoticiastucuman.com.ar\/index.php?rest_route=\/wp\/v2\/media\/61525"}],"wp:attachment":[{"href":"https:\/\/masquenoticiastucuman.com.ar\/index.php?rest_route=%2Fwp%2Fv2%2Fmedia&parent=61524"}],"wp:term":[{"taxonomy":"category","embeddable":true,"href":"https:\/\/masquenoticiastucuman.com.ar\/index.php?rest_route=%2Fwp%2Fv2%2Fcategories&post=61524"},{"taxonomy":"post_tag","embeddable":true,"href":"https:\/\/masquenoticiastucuman.com.ar\/index.php?rest_route=%2Fwp%2Fv2%2Ftags&post=61524"}],"curies":[{"name":"wp","href":"https:\/\/api.w.org\/{rel}","templated":true}]}}