{"id":61526,"date":"2026-04-28T09:45:49","date_gmt":"2026-04-28T12:45:49","guid":{"rendered":"http:\/\/masquenoticiastucuman.com.ar\/?p=61526"},"modified":"2026-04-28T09:45:49","modified_gmt":"2026-04-28T12:45:49","slug":"emiratos-arabes-unidos-abandona-la-opep-en-un-serio-reves-al-cartel-petrolero","status":"publish","type":"post","link":"https:\/\/masquenoticiastucuman.com.ar\/?p=61526","title":{"rendered":"Emiratos \u00c1rabes Unidos abandona la OPEP en un serio rev\u00e9s al cartel petrolero"},"content":{"rendered":"<ul>\n<li>Anunci\u00f3 su salida de la OPEP y la OPEP+, asestando un duro golpe a los grupos exportadores de petr\u00f3leo y a su l\u00edder de facto, Arabia Saudita.<\/li>\n<li>Ser\u00e1 a partir del 1 de mayo como parte de una reorganizaci\u00f3n estrat\u00e9gica tras la guerra con Ir\u00e1n.<\/li>\n<\/ul>\n<p>\u200bAnunci\u00f3 su salida de la OPEP y la OPEP+, asestando un duro golpe a los grupos exportadores de petr\u00f3leo y a su l\u00edder de facto, Arabia Saudita.Ser\u00e1 a partir del 1 de mayo como parte de una reorganizaci\u00f3n estrat\u00e9gica tras la guerra con Ir\u00e1n.\u00a0<a href=\"https:\/\/www.clarin.com\/mundo\/emiratos-arabes-unidos-abandona-opep-serio-reves-cartel-petrolero_0_Ry3a42FsG4.html\" target=\"_blank\" class=\"feedzy-rss-link-icon\">Read More<\/a><\/p>","protected":false},"excerpt":{"rendered":"<p>Anunci\u00f3 su salida de la OPEP y la OPEP+, asestando un duro golpe a los&#8230;<\/p>\n","protected":false},"author":1,"featured_media":61527,"comment_status":"open","ping_status":"open","sticky":false,"template":"","format":"standard","meta":{"footnotes":""},"categories":[4],"tags":[],"class_list":["post-61526","post","type-post","status-publish","format-standard","has-post-thumbnail","hentry","category-internacionales"],"_links":{"self":[{"href":"https:\/\/masquenoticiastucuman.com.ar\/index.php?rest_route=\/wp\/v2\/posts\/61526","targetHints":{"allow":["GET"]}}],"collection":[{"href":"https:\/\/masquenoticiastucuman.com.ar\/index.php?rest_route=\/wp\/v2\/posts"}],"about":[{"href":"https:\/\/masquenoticiastucuman.com.ar\/index.php?rest_route=\/wp\/v2\/types\/post"}],"author":[{"embeddable":true,"href":"https:\/\/masquenoticiastucuman.com.ar\/index.php?rest_route=\/wp\/v2\/users\/1"}],"replies":[{"embeddable":true,"href":"https:\/\/masquenoticiastucuman.com.ar\/index.php?rest_route=%2Fwp%2Fv2%2Fcomments&post=61526"}],"version-history":[{"count":0,"href":"https:\/\/masquenoticiastucuman.com.ar\/index.php?rest_route=\/wp\/v2\/posts\/61526\/revisions"}],"wp:featuredmedia":[{"embeddable":true,"href":"https:\/\/masquenoticiastucuman.com.ar\/index.php?rest_route=\/wp\/v2\/media\/61527"}],"wp:attachment":[{"href":"https:\/\/masquenoticiastucuman.com.ar\/index.php?rest_route=%2Fwp%2Fv2%2Fmedia&parent=61526"}],"wp:term":[{"taxonomy":"category","embeddable":true,"href":"https:\/\/masquenoticiastucuman.com.ar\/index.php?rest_route=%2Fwp%2Fv2%2Fcategories&post=61526"},{"taxonomy":"post_tag","embeddable":true,"href":"https:\/\/masquenoticiastucuman.com.ar\/index.php?rest_route=%2Fwp%2Fv2%2Ftags&post=61526"}],"curies":[{"name":"wp","href":"https:\/\/api.w.org\/{rel}","templated":true}]}}