{"id":61528,"date":"2026-04-28T10:38:19","date_gmt":"2026-04-28T13:38:19","guid":{"rendered":"http:\/\/masquenoticiastucuman.com.ar\/?p=61528"},"modified":"2026-04-28T10:38:19","modified_gmt":"2026-04-28T13:38:19","slug":"taylor-swift-se-protegio-contra-la-inteligencia-artificial-registro-su-voz-e-imagen-para-evitar-su-uso-indebido","status":"publish","type":"post","link":"https:\/\/masquenoticiastucuman.com.ar\/?p=61528","title":{"rendered":"Taylor Swift se protegi\u00f3 contra la Inteligencia Artificial: registr\u00f3 su voz e imagen para evitar su uso indebido"},"content":{"rendered":"<ul>\n<li>La cantante present\u00f3 una estrategia legal in\u00e9dita para blindar su identidad art\u00edstica frente al avance tecnol\u00f3gico. <\/li>\n<li>Busca impedir imitaciones no autorizadas y usos enga\u00f1osos de su figura en internet.<\/li>\n<\/ul>\n<p>\u200bLa cantante present\u00f3 una estrategia legal in\u00e9dita para blindar su identidad art\u00edstica frente al avance tecnol\u00f3gico. Busca impedir imitaciones no autorizadas y usos enga\u00f1osos de su figura en internet.\u00a0<a href=\"https:\/\/www.clarin.com\/espectaculos\/taylor-swift-protegio-inteligencia-artificial-registro-voz-imagen-evitar-uso-indebido_0_rnNRy0KiX0.html\" target=\"_blank\" class=\"feedzy-rss-link-icon\">Read More<\/a><\/p>","protected":false},"excerpt":{"rendered":"<p>La cantante present\u00f3 una estrategia legal in\u00e9dita para blindar su identidad art\u00edstica frente al avance&#8230;<\/p>\n","protected":false},"author":1,"featured_media":0,"comment_status":"open","ping_status":"open","sticky":false,"template":"","format":"standard","meta":{"footnotes":""},"categories":[5],"tags":[],"class_list":["post-61528","post","type-post","status-publish","format-standard","has-post-thumbnail","hentry","category-espectaculo"],"_links":{"self":[{"href":"https:\/\/masquenoticiastucuman.com.ar\/index.php?rest_route=\/wp\/v2\/posts\/61528","targetHints":{"allow":["GET"]}}],"collection":[{"href":"https:\/\/masquenoticiastucuman.com.ar\/index.php?rest_route=\/wp\/v2\/posts"}],"about":[{"href":"https:\/\/masquenoticiastucuman.com.ar\/index.php?rest_route=\/wp\/v2\/types\/post"}],"author":[{"embeddable":true,"href":"https:\/\/masquenoticiastucuman.com.ar\/index.php?rest_route=\/wp\/v2\/users\/1"}],"replies":[{"embeddable":true,"href":"https:\/\/masquenoticiastucuman.com.ar\/index.php?rest_route=%2Fwp%2Fv2%2Fcomments&post=61528"}],"version-history":[{"count":0,"href":"https:\/\/masquenoticiastucuman.com.ar\/index.php?rest_route=\/wp\/v2\/posts\/61528\/revisions"}],"wp:attachment":[{"href":"https:\/\/masquenoticiastucuman.com.ar\/index.php?rest_route=%2Fwp%2Fv2%2Fmedia&parent=61528"}],"wp:term":[{"taxonomy":"category","embeddable":true,"href":"https:\/\/masquenoticiastucuman.com.ar\/index.php?rest_route=%2Fwp%2Fv2%2Fcategories&post=61528"},{"taxonomy":"post_tag","embeddable":true,"href":"https:\/\/masquenoticiastucuman.com.ar\/index.php?rest_route=%2Fwp%2Fv2%2Ftags&post=61528"}],"curies":[{"name":"wp","href":"https:\/\/api.w.org\/{rel}","templated":true}]}}