{"id":61530,"date":"2026-04-28T10:15:13","date_gmt":"2026-04-28T13:15:13","guid":{"rendered":"http:\/\/masquenoticiastucuman.com.ar\/?p=61530"},"modified":"2026-04-28T10:15:13","modified_gmt":"2026-04-28T13:15:13","slug":"boca-visita-a-cruzeiro-de-brasil-por-la-copa-libertadores-2026-en-vivo-a-que-hora-es-formaciones-donde-y-como-ver-el-partido","status":"publish","type":"post","link":"https:\/\/masquenoticiastucuman.com.ar\/?p=61530","title":{"rendered":"Boca visita a Cruzeiro de Brasil, por la Copa Libertadores 2026, EN VIVO: a qu\u00e9 hora es, formaciones, d\u00f3nde y c\u00f3mo ver el partido"},"content":{"rendered":"<ul>\n<li>Juegan en el Mineirao desde las 21.30, por Fox Sports y Telef\u00e9.<\/li>\n<li>El equipo de Ubeda lleva 14 partidos sin perder.<\/li>\n<li>Con un triunfo quedar\u00e1 muy cerca de lograr la clasificaci\u00f3n a octavos.<\/li>\n<\/ul>\n<p>\u200bJuegan en el Mineirao desde las 21.30, por Fox Sports y Telef\u00e9.El equipo de Ubeda lleva 14 partidos sin perder.Con un triunfo quedar\u00e1 muy cerca de lograr la clasificaci\u00f3n a octavos.\u00a0<a href=\"https:\/\/www.clarin.com\/deportes\/boca-visita-cruzeiro-brasil-copa-libertadores-2026-vivo-hora-formaciones-ver-partido_0_rzFBJFBByy.html\" target=\"_blank\" class=\"feedzy-rss-link-icon\">Read More<\/a><\/p>","protected":false},"excerpt":{"rendered":"<p>Juegan en el Mineirao desde las 21.30, por Fox Sports y Telef\u00e9. El equipo de&#8230;<\/p>\n","protected":false},"author":1,"featured_media":0,"comment_status":"open","ping_status":"open","sticky":false,"template":"","format":"standard","meta":{"footnotes":""},"categories":[6],"tags":[],"class_list":["post-61530","post","type-post","status-publish","format-standard","has-post-thumbnail","hentry","category-deportes"],"_links":{"self":[{"href":"https:\/\/masquenoticiastucuman.com.ar\/index.php?rest_route=\/wp\/v2\/posts\/61530","targetHints":{"allow":["GET"]}}],"collection":[{"href":"https:\/\/masquenoticiastucuman.com.ar\/index.php?rest_route=\/wp\/v2\/posts"}],"about":[{"href":"https:\/\/masquenoticiastucuman.com.ar\/index.php?rest_route=\/wp\/v2\/types\/post"}],"author":[{"embeddable":true,"href":"https:\/\/masquenoticiastucuman.com.ar\/index.php?rest_route=\/wp\/v2\/users\/1"}],"replies":[{"embeddable":true,"href":"https:\/\/masquenoticiastucuman.com.ar\/index.php?rest_route=%2Fwp%2Fv2%2Fcomments&post=61530"}],"version-history":[{"count":0,"href":"https:\/\/masquenoticiastucuman.com.ar\/index.php?rest_route=\/wp\/v2\/posts\/61530\/revisions"}],"wp:attachment":[{"href":"https:\/\/masquenoticiastucuman.com.ar\/index.php?rest_route=%2Fwp%2Fv2%2Fmedia&parent=61530"}],"wp:term":[{"taxonomy":"category","embeddable":true,"href":"https:\/\/masquenoticiastucuman.com.ar\/index.php?rest_route=%2Fwp%2Fv2%2Fcategories&post=61530"},{"taxonomy":"post_tag","embeddable":true,"href":"https:\/\/masquenoticiastucuman.com.ar\/index.php?rest_route=%2Fwp%2Fv2%2Ftags&post=61530"}],"curies":[{"name":"wp","href":"https:\/\/api.w.org\/{rel}","templated":true}]}}