{"id":61531,"date":"2026-04-28T12:28:33","date_gmt":"2026-04-28T15:28:33","guid":{"rendered":"https:\/\/masquenoticiastucuman.com.ar\/?p=61531"},"modified":"2026-04-28T12:28:33","modified_gmt":"2026-04-28T15:28:33","slug":"el-gobierno-oficializo-el-traspaso-de-la-terminal-para-su-modernizacion-integral-tras-30-anos","status":"publish","type":"post","link":"https:\/\/masquenoticiastucuman.com.ar\/?p=61531","title":{"rendered":"El Gobierno oficializ\u00f3 el traspaso de la Terminal para su modernizaci\u00f3n integral tras 30 a\u00f1os"},"content":{"rendered":"\n<p>A partir de la medianoche de hoy la nueva concesionaria asumi\u00f3 la operatividad del predio. El proyecto, impulsado por el gobernador Jaldo, contempla una inversi\u00f3n de 11.200.000 d\u00f3lares y un plan de obras por etapas que permitir\u00e1 mantener el servicio al 100% mientras se transforma la estaci\u00f3n en un nodo de excelencia.<\/p>\n\n\n\n<p id=\"isPasted\">El Gobierno de la Provincia concret\u00f3 de manera oficial el traspaso de la administraci\u00f3n y explotaci\u00f3n de la&nbsp;<strong>Estaci\u00f3n Terminal de \u00d3mnibus de Tucum\u00e1n<\/strong>. En un acto administrativo, realizado en las instalaciones del predio, el Ministerio de Obras, Infraestructura y Transporte P\u00fablico hizo efectiva la entrega de la concesi\u00f3n a la nueva firma adjudicataria, marcando el fin de un ciclo de tres d\u00e9cadas y el inicio de una etapa de renovaci\u00f3n absoluta. Esta medida busca revertir el deterioro del edificio, transform\u00e1ndolo en una puerta de entrada segura, moderna y eficiente para los miles de pasajeros que transitan diariamente por el NOA.<\/p>\n\n\n\n<p><strong>La nueva gesti\u00f3n asume el compromiso de ejecutar un ambicioso plan de obras con una inversi\u00f3n de 11.200.000 d\u00f3lares en un plazo de ejecuci\u00f3n de 40 meses, bajo una concesi\u00f3n estipulada por 20 a\u00f1os.<\/strong><\/p>\n\n\n\n<p>Los cambios comenzar\u00e1n de manera inmediata con mejoras en la iluminaci\u00f3n y la carteler\u00eda, mientras que la primera etapa de obras estar\u00e1 enfocada en la remodelaci\u00f3n integral de los n\u00facleos sanitarios, una de las demandas m\u00e1s urgentes de los usuarios. Asimismo, el proyecto contempla la incorporaci\u00f3n de un sistema de seguridad con est\u00e1ndar aeroportuario, mediante la instalaci\u00f3n de 150 c\u00e1maras de alta resoluci\u00f3n, junto con la creaci\u00f3n de salas de espera climatizadas, espacios verdes, la jerarquizaci\u00f3n integral de la fachada y nuevos \u00e1mbitos de confort destinados a optimizar la experiencia de los usuarios.<\/p>\n\n\n\n<p>En cuanto a la operatividad, se confirm\u00f3 que la terminal funcionar\u00e1 al 100% de su capacidad durante todo el proceso de obra, el cual se realizar\u00e1 por etapas para no afectar las frecuencias ni la comodidad de los pasajeros.<\/p>\n\n\n\n<p>Este avance estrat\u00e9gico responde a la decisi\u00f3n pol\u00edtica del gobernador Osvaldo Jaldo, quien impuls\u00f3 la jerarquizaci\u00f3n y puesta en valor de este espacio p\u00fablico. El acto de transferencia fue encabezado por el ministro de Obras, Infraestructura y Transporte P\u00fablico,&nbsp;<strong>Marcelo Nazur<\/strong>; el secretario de Asistencia Legal y T\u00e9cnica,&nbsp;<strong>Nicol\u00e1s Pacios<\/strong>; la directora de Planeamiento y Proyectos,&nbsp;<strong>Virginia Pizzolitto<\/strong>; la escribana adjunta de la Escriban\u00eda de Gobierno,&nbsp;<strong>Josefina Jaeggy<\/strong>; y representantes legales de la Fiscal\u00eda de Estado, quienes llevaron adelante el proceso, junto a la participaci\u00f3n de autoridades y personal de la UTE adjudicataria. Asimismo, cont\u00f3 con la presencia del ministro de Seguridad,&nbsp;<strong>Eugenio Ag\u00fcero Gamboa.<\/strong><\/p>\n\n\n\n<p>Al formalizar la entrega el ministro Ing. Nazur destac\u00f3 la trascendencia del momento:&nbsp;<strong>&#8220;Hoy es un d\u00eda important\u00edsimo para la provincia de Tucum\u00e1n. Despu\u00e9s de 30 a\u00f1os la terminal cambia de manos. Por instrucciones precisas del gobernador Osvaldo Jaldo, hemos proyectado una terminal de excelencia, como lo fue en sus mejores a\u00f1os.<\/strong>&nbsp;Estamos iniciando un cambio de paradigma donde la seguridad, el confort y la tecnolog\u00eda ser\u00e1n la prioridad para que los tucumanos vuelvan a sentirse orgullosos de su terminal&#8221;.<\/p>\n\n\n\n<p>Asimismo, el ministro brind\u00f3 detalles sobre el seguimiento de los compromisos asumidos: &#8220;el control del Gobierno ser\u00e1 riguroso. Vamos a formar una comisi\u00f3n especial con distintos estamentos del Ministerio, como la SEOP, la DAU, Transporte y el \u00e1rea Legal y T\u00e9cnica, para hacer un seguimiento estricto y garantizar que se cumpla con cada punto del contrato y de la propuesta de inversi\u00f3n&#8221;.<\/p>\n\n\n\n<p>Por su parte, el presidente de la firma Ingeco S.A.,<strong>&nbsp;Marcelo Katz<\/strong>, expres\u00f3 que \u201chemos recibido formalmente la concesi\u00f3n y, a partir de hoy, asumimos el compromiso de llevar adelante este nuevo proyecto. Se trata de un desaf\u00edo que nos entusiasma, con una inversi\u00f3n significativa orientada a la puesta en valor integral del predio, la recuperaci\u00f3n de espacios y la modernizaci\u00f3n y jerarquizaci\u00f3n de sus edificios. Asimismo, incorporaremos nuevos servicios, locales comerciales, un \u00e1rea de shopping y un patio de comidas, con el objetivo de acercar este espacio a los vecinos y potenciar su uso y funcionalidad\u201d.<\/p>\n\n\n\n<p>La modernizaci\u00f3n de la Terminal mejorar\u00e1 la conectividad y la experiencia de viaje, y recuperar\u00e1 un activo social y comercial clave para el desarrollo urbano de la capital, garantizando un entorno confiable, limpio y moderno para todos los ciudadanos.<\/p>\n","protected":false},"excerpt":{"rendered":"<p>A partir de la medianoche de hoy la nueva concesionaria asumi\u00f3 la operatividad del predio&#8230;.<\/p>\n","protected":false},"author":2,"featured_media":61532,"comment_status":"open","ping_status":"open","sticky":false,"template":"","format":"standard","meta":{"footnotes":""},"categories":[2],"tags":[],"class_list":["post-61531","post","type-post","status-publish","format-standard","has-post-thumbnail","hentry","category-locales"],"_links":{"self":[{"href":"https:\/\/masquenoticiastucuman.com.ar\/index.php?rest_route=\/wp\/v2\/posts\/61531","targetHints":{"allow":["GET"]}}],"collection":[{"href":"https:\/\/masquenoticiastucuman.com.ar\/index.php?rest_route=\/wp\/v2\/posts"}],"about":[{"href":"https:\/\/masquenoticiastucuman.com.ar\/index.php?rest_route=\/wp\/v2\/types\/post"}],"author":[{"embeddable":true,"href":"https:\/\/masquenoticiastucuman.com.ar\/index.php?rest_route=\/wp\/v2\/users\/2"}],"replies":[{"embeddable":true,"href":"https:\/\/masquenoticiastucuman.com.ar\/index.php?rest_route=%2Fwp%2Fv2%2Fcomments&post=61531"}],"version-history":[{"count":1,"href":"https:\/\/masquenoticiastucuman.com.ar\/index.php?rest_route=\/wp\/v2\/posts\/61531\/revisions"}],"predecessor-version":[{"id":61533,"href":"https:\/\/masquenoticiastucuman.com.ar\/index.php?rest_route=\/wp\/v2\/posts\/61531\/revisions\/61533"}],"wp:featuredmedia":[{"embeddable":true,"href":"https:\/\/masquenoticiastucuman.com.ar\/index.php?rest_route=\/wp\/v2\/media\/61532"}],"wp:attachment":[{"href":"https:\/\/masquenoticiastucuman.com.ar\/index.php?rest_route=%2Fwp%2Fv2%2Fmedia&parent=61531"}],"wp:term":[{"taxonomy":"category","embeddable":true,"href":"https:\/\/masquenoticiastucuman.com.ar\/index.php?rest_route=%2Fwp%2Fv2%2Fcategories&post=61531"},{"taxonomy":"post_tag","embeddable":true,"href":"https:\/\/masquenoticiastucuman.com.ar\/index.php?rest_route=%2Fwp%2Fv2%2Ftags&post=61531"}],"curies":[{"name":"wp","href":"https:\/\/api.w.org\/{rel}","templated":true}]}}