{"id":61541,"date":"2026-04-28T12:15:49","date_gmt":"2026-04-28T15:15:49","guid":{"rendered":"http:\/\/masquenoticiastucuman.com.ar\/?p=61541"},"modified":"2026-04-28T12:15:49","modified_gmt":"2026-04-28T15:15:49","slug":"el-jugador-argentino-de-padel-brayan-tato-torres-murio-en-un-accidente-de-auto-en-honduras","status":"publish","type":"post","link":"https:\/\/masquenoticiastucuman.com.ar\/?p=61541","title":{"rendered":"El jugador argentino de p\u00e1del Brayan \u201cTato\u201d Torres muri\u00f3 en un accidente de auto en Honduras"},"content":{"rendered":"<ul>\n<li>Iba junto a una compa\u00f1era con la que volv\u00eda de un torneo. La mujer manejaba y hab\u00eda consumido alcohol.<\/li>\n<li>Perdi\u00f3 el control del veh\u00edculo y choc\u00f3 contra un cami\u00f3n estacionado.<\/li>\n<\/ul>\n<p>\u200bIba junto a una compa\u00f1era con la que volv\u00eda de un torneo. La mujer manejaba y hab\u00eda consumido alcohol.Perdi\u00f3 el control del veh\u00edculo y choc\u00f3 contra un cami\u00f3n estacionado.\u00a0<a href=\"https:\/\/www.clarin.com\/deportes\/jugador-argentino-padel-brayan-tato-torres-murio-accidente-auto-honduras_0_jvS1ttRDPf.html\" target=\"_blank\" class=\"feedzy-rss-link-icon\">Read More<\/a><\/p>","protected":false},"excerpt":{"rendered":"<p>Iba junto a una compa\u00f1era con la que volv\u00eda de un torneo. La mujer manejaba&#8230;<\/p>\n","protected":false},"author":1,"featured_media":0,"comment_status":"open","ping_status":"open","sticky":false,"template":"","format":"standard","meta":{"footnotes":""},"categories":[6],"tags":[],"class_list":["post-61541","post","type-post","status-publish","format-standard","has-post-thumbnail","hentry","category-deportes"],"_links":{"self":[{"href":"https:\/\/masquenoticiastucuman.com.ar\/index.php?rest_route=\/wp\/v2\/posts\/61541","targetHints":{"allow":["GET"]}}],"collection":[{"href":"https:\/\/masquenoticiastucuman.com.ar\/index.php?rest_route=\/wp\/v2\/posts"}],"about":[{"href":"https:\/\/masquenoticiastucuman.com.ar\/index.php?rest_route=\/wp\/v2\/types\/post"}],"author":[{"embeddable":true,"href":"https:\/\/masquenoticiastucuman.com.ar\/index.php?rest_route=\/wp\/v2\/users\/1"}],"replies":[{"embeddable":true,"href":"https:\/\/masquenoticiastucuman.com.ar\/index.php?rest_route=%2Fwp%2Fv2%2Fcomments&post=61541"}],"version-history":[{"count":0,"href":"https:\/\/masquenoticiastucuman.com.ar\/index.php?rest_route=\/wp\/v2\/posts\/61541\/revisions"}],"wp:attachment":[{"href":"https:\/\/masquenoticiastucuman.com.ar\/index.php?rest_route=%2Fwp%2Fv2%2Fmedia&parent=61541"}],"wp:term":[{"taxonomy":"category","embeddable":true,"href":"https:\/\/masquenoticiastucuman.com.ar\/index.php?rest_route=%2Fwp%2Fv2%2Fcategories&post=61541"},{"taxonomy":"post_tag","embeddable":true,"href":"https:\/\/masquenoticiastucuman.com.ar\/index.php?rest_route=%2Fwp%2Fv2%2Ftags&post=61541"}],"curies":[{"name":"wp","href":"https:\/\/api.w.org\/{rel}","templated":true}]}}