{"id":61543,"date":"2026-04-28T11:34:22","date_gmt":"2026-04-28T14:34:22","guid":{"rendered":"http:\/\/masquenoticiastucuman.com.ar\/?p=61543"},"modified":"2026-04-28T11:34:22","modified_gmt":"2026-04-28T14:34:22","slug":"avanzan-las-privatizaciones-de-la-empresa-de-agua-aysa-y-del-belgrano-cargas","status":"publish","type":"post","link":"https:\/\/masquenoticiastucuman.com.ar\/?p=61543","title":{"rendered":"Avanzan las privatizaciones de la empresa de agua Aysa y del Belgrano Cargas"},"content":{"rendered":"<ul>\n<li>El Gobierno estableci\u00f3 el contrato de concesi\u00f3n de Aysa, que ser\u00e1 por 30 a\u00f1os, con revisi\u00f3n de tarifas cada 5.<\/li>\n<li>Por otro lado, fij\u00f3 que los fondos que se consigan con la venta de material rodante ir\u00e1 a mejorar las v\u00edas.<\/li>\n<\/ul>\n<p>\u200bEl Gobierno estableci\u00f3 el contrato de concesi\u00f3n de Aysa, que ser\u00e1 por 30 a\u00f1os, con revisi\u00f3n de tarifas cada 5.Por otro lado, fij\u00f3 que los fondos que se consigan con la venta de material rodante ir\u00e1 a mejorar las v\u00edas.\u00a0<a href=\"https:\/\/www.clarin.com\/economia\/avanzan-privatizaciones-empresa-agua-aysa-belgrano-cargas_0_u1qBU0HOQD.html\" target=\"_blank\" class=\"feedzy-rss-link-icon\">Read More<\/a><\/p>","protected":false},"excerpt":{"rendered":"<p>El Gobierno estableci\u00f3 el contrato de concesi\u00f3n de Aysa, que ser\u00e1 por 30 a\u00f1os, con&#8230;<\/p>\n","protected":false},"author":1,"featured_media":0,"comment_status":"open","ping_status":"open","sticky":false,"template":"","format":"standard","meta":{"footnotes":""},"categories":[3],"tags":[],"class_list":["post-61543","post","type-post","status-publish","format-standard","has-post-thumbnail","hentry","category-nacionales"],"_links":{"self":[{"href":"https:\/\/masquenoticiastucuman.com.ar\/index.php?rest_route=\/wp\/v2\/posts\/61543","targetHints":{"allow":["GET"]}}],"collection":[{"href":"https:\/\/masquenoticiastucuman.com.ar\/index.php?rest_route=\/wp\/v2\/posts"}],"about":[{"href":"https:\/\/masquenoticiastucuman.com.ar\/index.php?rest_route=\/wp\/v2\/types\/post"}],"author":[{"embeddable":true,"href":"https:\/\/masquenoticiastucuman.com.ar\/index.php?rest_route=\/wp\/v2\/users\/1"}],"replies":[{"embeddable":true,"href":"https:\/\/masquenoticiastucuman.com.ar\/index.php?rest_route=%2Fwp%2Fv2%2Fcomments&post=61543"}],"version-history":[{"count":0,"href":"https:\/\/masquenoticiastucuman.com.ar\/index.php?rest_route=\/wp\/v2\/posts\/61543\/revisions"}],"wp:attachment":[{"href":"https:\/\/masquenoticiastucuman.com.ar\/index.php?rest_route=%2Fwp%2Fv2%2Fmedia&parent=61543"}],"wp:term":[{"taxonomy":"category","embeddable":true,"href":"https:\/\/masquenoticiastucuman.com.ar\/index.php?rest_route=%2Fwp%2Fv2%2Fcategories&post=61543"},{"taxonomy":"post_tag","embeddable":true,"href":"https:\/\/masquenoticiastucuman.com.ar\/index.php?rest_route=%2Fwp%2Fv2%2Ftags&post=61543"}],"curies":[{"name":"wp","href":"https:\/\/api.w.org\/{rel}","templated":true}]}}