{"id":61548,"date":"2026-04-28T14:45:57","date_gmt":"2026-04-28T17:45:57","guid":{"rendered":"http:\/\/masquenoticiastucuman.com.ar\/?p=61548"},"modified":"2026-04-28T14:45:57","modified_gmt":"2026-04-28T17:45:57","slug":"damian-szifron-revoluciono-las-calles-de-ramos-mejia-en-exclusiva-el-rodaje-de-el-sobrino","status":"publish","type":"post","link":"https:\/\/masquenoticiastucuman.com.ar\/?p=61548","title":{"rendered":"Dami\u00e1n Szifron revolucion\u00f3 las calles de Ramos Mej\u00eda: en exclusiva, el rodaje de El sobrino"},"content":{"rendered":"<ul>\n<li>El director de &#8220;Relatos salvajes&#8221; volvi\u00f3 a la ciudad en la que creci\u00f3, en La Matanza.<\/li>\n<li>Despu\u00e9s de filmar en Hollywood, detalles de su nueva pel\u00edcula, con Leonardo Sbaraglia.<\/li>\n<\/ul>\n<p>\u200bEl director de &#8220;Relatos salvajes&#8221; volvi\u00f3 a la ciudad en la que creci\u00f3, en La Matanza.Despu\u00e9s de filmar en Hollywood, detalles de su nueva pel\u00edcula, con Leonardo Sbaraglia.\u00a0<a href=\"https:\/\/www.clarin.com\/espectaculos\/damian-szifron-revoluciono-calles-ramos-mejia-exclusiva-rodaje-sobrino_0_mpQ98pzlIV.html\" target=\"_blank\" class=\"feedzy-rss-link-icon\">Read More<\/a><\/p>","protected":false},"excerpt":{"rendered":"<p>El director de &#8220;Relatos salvajes&#8221; volvi\u00f3 a la ciudad en la que creci\u00f3, en La&#8230;<\/p>\n","protected":false},"author":1,"featured_media":0,"comment_status":"open","ping_status":"open","sticky":false,"template":"","format":"standard","meta":{"footnotes":""},"categories":[5],"tags":[],"class_list":["post-61548","post","type-post","status-publish","format-standard","has-post-thumbnail","hentry","category-espectaculo"],"_links":{"self":[{"href":"https:\/\/masquenoticiastucuman.com.ar\/index.php?rest_route=\/wp\/v2\/posts\/61548","targetHints":{"allow":["GET"]}}],"collection":[{"href":"https:\/\/masquenoticiastucuman.com.ar\/index.php?rest_route=\/wp\/v2\/posts"}],"about":[{"href":"https:\/\/masquenoticiastucuman.com.ar\/index.php?rest_route=\/wp\/v2\/types\/post"}],"author":[{"embeddable":true,"href":"https:\/\/masquenoticiastucuman.com.ar\/index.php?rest_route=\/wp\/v2\/users\/1"}],"replies":[{"embeddable":true,"href":"https:\/\/masquenoticiastucuman.com.ar\/index.php?rest_route=%2Fwp%2Fv2%2Fcomments&post=61548"}],"version-history":[{"count":0,"href":"https:\/\/masquenoticiastucuman.com.ar\/index.php?rest_route=\/wp\/v2\/posts\/61548\/revisions"}],"wp:attachment":[{"href":"https:\/\/masquenoticiastucuman.com.ar\/index.php?rest_route=%2Fwp%2Fv2%2Fmedia&parent=61548"}],"wp:term":[{"taxonomy":"category","embeddable":true,"href":"https:\/\/masquenoticiastucuman.com.ar\/index.php?rest_route=%2Fwp%2Fv2%2Fcategories&post=61548"},{"taxonomy":"post_tag","embeddable":true,"href":"https:\/\/masquenoticiastucuman.com.ar\/index.php?rest_route=%2Fwp%2Fv2%2Ftags&post=61548"}],"curies":[{"name":"wp","href":"https:\/\/api.w.org\/{rel}","templated":true}]}}