{"id":61549,"date":"2026-04-28T13:50:16","date_gmt":"2026-04-28T16:50:16","guid":{"rendered":"http:\/\/masquenoticiastucuman.com.ar\/?p=61549"},"modified":"2026-04-28T13:50:16","modified_gmt":"2026-04-28T16:50:16","slug":"locura-por-neymar-en-buenos-aires-del-nino-que-lleva-su-nombre-a-los-jugadores-de-boca-y-river-que-quisieron-conocerlo","status":"publish","type":"post","link":"https:\/\/masquenoticiastucuman.com.ar\/?p=61549","title":{"rendered":"Locura por Neymar en Buenos Aires: del ni\u00f1o que lleva su nombre a los jugadores de Boca y River que quisieron conocerlo"},"content":{"rendered":"<ul>\n<li>El 10 desat\u00f3 una locura revolucion\u00f3 la City desde su llegada a la Argentina. <\/li>\n<li>Los hinchas se agolparon en las puertas del hotel donde tambi\u00e9n se presentaron jugadores de Boca y River.<\/li>\n<li>Esta noche juega en el Nuevo Gas\u00f3metro ante San Lorenzo.<\/li>\n<\/ul>\n<p>\u200bEl 10 desat\u00f3 una locura revolucion\u00f3 la City desde su llegada a la Argentina. Los hinchas se agolparon en las puertas del hotel donde tambi\u00e9n se presentaron jugadores de Boca y River.Esta noche juega en el Nuevo Gas\u00f3metro ante San Lorenzo.\u00a0<a href=\"https:\/\/www.clarin.com\/deportes\/locura-neymar-buenos-aires-nino-lleva-nombre-jugadores-boca-river-quisieron-conocerlo_0_UMU6zl19gt.html\" target=\"_blank\" class=\"feedzy-rss-link-icon\">Read More<\/a><\/p>","protected":false},"excerpt":{"rendered":"<p>El 10 desat\u00f3 una locura revolucion\u00f3 la City desde su llegada a la Argentina. Los&#8230;<\/p>\n","protected":false},"author":1,"featured_media":0,"comment_status":"open","ping_status":"open","sticky":false,"template":"","format":"standard","meta":{"footnotes":""},"categories":[6],"tags":[],"class_list":["post-61549","post","type-post","status-publish","format-standard","has-post-thumbnail","hentry","category-deportes"],"_links":{"self":[{"href":"https:\/\/masquenoticiastucuman.com.ar\/index.php?rest_route=\/wp\/v2\/posts\/61549","targetHints":{"allow":["GET"]}}],"collection":[{"href":"https:\/\/masquenoticiastucuman.com.ar\/index.php?rest_route=\/wp\/v2\/posts"}],"about":[{"href":"https:\/\/masquenoticiastucuman.com.ar\/index.php?rest_route=\/wp\/v2\/types\/post"}],"author":[{"embeddable":true,"href":"https:\/\/masquenoticiastucuman.com.ar\/index.php?rest_route=\/wp\/v2\/users\/1"}],"replies":[{"embeddable":true,"href":"https:\/\/masquenoticiastucuman.com.ar\/index.php?rest_route=%2Fwp%2Fv2%2Fcomments&post=61549"}],"version-history":[{"count":0,"href":"https:\/\/masquenoticiastucuman.com.ar\/index.php?rest_route=\/wp\/v2\/posts\/61549\/revisions"}],"wp:attachment":[{"href":"https:\/\/masquenoticiastucuman.com.ar\/index.php?rest_route=%2Fwp%2Fv2%2Fmedia&parent=61549"}],"wp:term":[{"taxonomy":"category","embeddable":true,"href":"https:\/\/masquenoticiastucuman.com.ar\/index.php?rest_route=%2Fwp%2Fv2%2Fcategories&post=61549"},{"taxonomy":"post_tag","embeddable":true,"href":"https:\/\/masquenoticiastucuman.com.ar\/index.php?rest_route=%2Fwp%2Fv2%2Ftags&post=61549"}],"curies":[{"name":"wp","href":"https:\/\/api.w.org\/{rel}","templated":true}]}}