{"id":61553,"date":"2026-04-28T15:01:38","date_gmt":"2026-04-28T18:01:38","guid":{"rendered":"http:\/\/masquenoticiastucuman.com.ar\/?p=61553"},"modified":"2026-04-28T15:01:38","modified_gmt":"2026-04-28T18:01:38","slug":"como-llegara-messi-al-mundial-2026-todos-los-partidos-que-jugara-antes-de-la-copa-del-mundo","status":"publish","type":"post","link":"https:\/\/masquenoticiastucuman.com.ar\/?p=61553","title":{"rendered":"C\u00f3mo llegar\u00e1 Messi al Mundial 2026: todos los partidos que jugar\u00e1 antes de la Copa del Mundo"},"content":{"rendered":"<ul>\n<li>El calendario oficial de la MLS contempla un receso estrat\u00e9gico durante la Copa del Mundo.<\/li>\n<li>La Selecci\u00f3n Argentina tendr\u00e1 dos amistosos antes del comienzo del Mundial 2026.<\/li>\n<\/ul>\n<p>\u200bEl calendario oficial de la MLS contempla un receso estrat\u00e9gico durante la Copa del Mundo.La Selecci\u00f3n Argentina tendr\u00e1 dos amistosos antes del comienzo del Mundial 2026.\u00a0<a href=\"https:\/\/www.clarin.com\/deportes\/llegara-messi-mundial-2026-partidos-jugara-copa-mundo_0_llSRWdt772.html\" target=\"_blank\" class=\"feedzy-rss-link-icon\">Read More<\/a><\/p>","protected":false},"excerpt":{"rendered":"<p>El calendario oficial de la MLS contempla un receso estrat\u00e9gico durante la Copa del Mundo&#8230;.<\/p>\n","protected":false},"author":1,"featured_media":0,"comment_status":"open","ping_status":"open","sticky":false,"template":"","format":"standard","meta":{"footnotes":""},"categories":[6],"tags":[],"class_list":["post-61553","post","type-post","status-publish","format-standard","has-post-thumbnail","hentry","category-deportes"],"_links":{"self":[{"href":"https:\/\/masquenoticiastucuman.com.ar\/index.php?rest_route=\/wp\/v2\/posts\/61553","targetHints":{"allow":["GET"]}}],"collection":[{"href":"https:\/\/masquenoticiastucuman.com.ar\/index.php?rest_route=\/wp\/v2\/posts"}],"about":[{"href":"https:\/\/masquenoticiastucuman.com.ar\/index.php?rest_route=\/wp\/v2\/types\/post"}],"author":[{"embeddable":true,"href":"https:\/\/masquenoticiastucuman.com.ar\/index.php?rest_route=\/wp\/v2\/users\/1"}],"replies":[{"embeddable":true,"href":"https:\/\/masquenoticiastucuman.com.ar\/index.php?rest_route=%2Fwp%2Fv2%2Fcomments&post=61553"}],"version-history":[{"count":0,"href":"https:\/\/masquenoticiastucuman.com.ar\/index.php?rest_route=\/wp\/v2\/posts\/61553\/revisions"}],"wp:attachment":[{"href":"https:\/\/masquenoticiastucuman.com.ar\/index.php?rest_route=%2Fwp%2Fv2%2Fmedia&parent=61553"}],"wp:term":[{"taxonomy":"category","embeddable":true,"href":"https:\/\/masquenoticiastucuman.com.ar\/index.php?rest_route=%2Fwp%2Fv2%2Fcategories&post=61553"},{"taxonomy":"post_tag","embeddable":true,"href":"https:\/\/masquenoticiastucuman.com.ar\/index.php?rest_route=%2Fwp%2Fv2%2Ftags&post=61553"}],"curies":[{"name":"wp","href":"https:\/\/api.w.org\/{rel}","templated":true}]}}