{"id":61554,"date":"2026-04-28T16:20:07","date_gmt":"2026-04-28T19:20:07","guid":{"rendered":"http:\/\/masquenoticiastucuman.com.ar\/?p=61554"},"modified":"2026-04-28T16:20:07","modified_gmt":"2026-04-28T19:20:07","slug":"sturzenegger-sorprendio-a-dos-gobernadores-y-les-pidio-que-voten-una-ley-para-exportar","status":"publish","type":"post","link":"https:\/\/masquenoticiastucuman.com.ar\/?p=61554","title":{"rendered":"Sturzenegger sorprendi\u00f3 a dos gobernadores y les pidi\u00f3 que voten una ley para exportar"},"content":{"rendered":"<ul>\n<li>Fue durante una charla de econom\u00eda y finanzas.<\/li>\n<li>Les pidi\u00f3 que apoyen un nuevo proyecto para la navegaci\u00f3n de los r\u00edos.<\/li>\n<li>Los proyectos que prepara el ministro de Desregulaci\u00f3n.<\/li>\n<\/ul>\n<p>\u200bFue durante una charla de econom\u00eda y finanzas.Les pidi\u00f3 que apoyen un nuevo proyecto para la navegaci\u00f3n de los r\u00edos.Los proyectos que prepara el ministro de Desregulaci\u00f3n.\u00a0<a href=\"https:\/\/www.clarin.com\/economia\/sturzenegger-sorprendio-gobernadores-pidio-voten-ley-exportar_0_g9rB6rq0Ks.html\" target=\"_blank\" class=\"feedzy-rss-link-icon\">Read More<\/a><\/p>","protected":false},"excerpt":{"rendered":"<p>Fue durante una charla de econom\u00eda y finanzas. Les pidi\u00f3 que apoyen un nuevo proyecto&#8230;<\/p>\n","protected":false},"author":1,"featured_media":0,"comment_status":"open","ping_status":"open","sticky":false,"template":"","format":"standard","meta":{"footnotes":""},"categories":[3],"tags":[],"class_list":["post-61554","post","type-post","status-publish","format-standard","has-post-thumbnail","hentry","category-nacionales"],"_links":{"self":[{"href":"https:\/\/masquenoticiastucuman.com.ar\/index.php?rest_route=\/wp\/v2\/posts\/61554","targetHints":{"allow":["GET"]}}],"collection":[{"href":"https:\/\/masquenoticiastucuman.com.ar\/index.php?rest_route=\/wp\/v2\/posts"}],"about":[{"href":"https:\/\/masquenoticiastucuman.com.ar\/index.php?rest_route=\/wp\/v2\/types\/post"}],"author":[{"embeddable":true,"href":"https:\/\/masquenoticiastucuman.com.ar\/index.php?rest_route=\/wp\/v2\/users\/1"}],"replies":[{"embeddable":true,"href":"https:\/\/masquenoticiastucuman.com.ar\/index.php?rest_route=%2Fwp%2Fv2%2Fcomments&post=61554"}],"version-history":[{"count":0,"href":"https:\/\/masquenoticiastucuman.com.ar\/index.php?rest_route=\/wp\/v2\/posts\/61554\/revisions"}],"wp:attachment":[{"href":"https:\/\/masquenoticiastucuman.com.ar\/index.php?rest_route=%2Fwp%2Fv2%2Fmedia&parent=61554"}],"wp:term":[{"taxonomy":"category","embeddable":true,"href":"https:\/\/masquenoticiastucuman.com.ar\/index.php?rest_route=%2Fwp%2Fv2%2Fcategories&post=61554"},{"taxonomy":"post_tag","embeddable":true,"href":"https:\/\/masquenoticiastucuman.com.ar\/index.php?rest_route=%2Fwp%2Fv2%2Ftags&post=61554"}],"curies":[{"name":"wp","href":"https:\/\/api.w.org\/{rel}","templated":true}]}}