{"id":61556,"date":"2026-04-28T16:19:48","date_gmt":"2026-04-28T19:19:48","guid":{"rendered":"http:\/\/masquenoticiastucuman.com.ar\/?p=61556"},"modified":"2026-04-28T16:19:48","modified_gmt":"2026-04-28T19:19:48","slug":"el-rey-carlos-iii-comenzo-su-discurso-en-el-congreso-con-una-condena-al-atentado-contra-trump-estos-actos-de-violencia-nunca-tendran-exito","status":"publish","type":"post","link":"https:\/\/masquenoticiastucuman.com.ar\/?p=61556","title":{"rendered":"El rey Carlos III comenz\u00f3 su discurso en el Congreso con una condena al atentado contra Trump: &#8220;Estos actos de violencia nunca tendr\u00e1n \u00e9xito&#8221;"},"content":{"rendered":"<ul>\n<li>&#8220;Nos reunimos tambi\u00e9n tras el incidente ocurrido no lejos de este gran edificio, que busc\u00f3 atentar contra el liderazgo de su naci\u00f3n y sembrar un miedo y una discordia m\u00e1s amplios&#8221;, dijo<\/li>\n<li>&#8220;Perm\u00edtanme decir con determinaci\u00f3n inquebrantable: tales actos de violencia nunca tendr\u00e1n \u00e9xito&#8221;, declar\u00f3 desde la tribuna en el Capitolio, en una ceremonia en la que estuvo el vicepresidente, JD Vance, pero no Trump.<\/li>\n<\/ul>\n<p>\u200b&#8221;Nos reunimos tambi\u00e9n tras el incidente ocurrido no lejos de este gran edificio, que busc\u00f3 atentar contra el liderazgo de su naci\u00f3n y sembrar un miedo y una discordia m\u00e1s amplios&#8221;, dijo&#8221;Perm\u00edtanme decir con determinaci\u00f3n inquebrantable: tales actos de violencia nunca tendr\u00e1n \u00e9xito&#8221;, declar\u00f3 desde la tribuna en el Capitolio, en una ceremonia en la que estuvo el vicepresidente, JD Vance, pero no Trump.\u00a0<a href=\"https:\/\/www.clarin.com\/mundo\/rey-carlos-iii-comenzo-discurso-congreso-condena-atentado-trump-actos-violencia-exito_0_LyVQ1BB4pu.html\" target=\"_blank\" class=\"feedzy-rss-link-icon\">Read More<\/a><\/p>","protected":false},"excerpt":{"rendered":"<p>&#8220;Nos reunimos tambi\u00e9n tras el incidente ocurrido no lejos de este gran edificio, que busc\u00f3&#8230;<\/p>\n","protected":false},"author":1,"featured_media":61557,"comment_status":"open","ping_status":"open","sticky":false,"template":"","format":"standard","meta":{"footnotes":""},"categories":[4],"tags":[],"class_list":["post-61556","post","type-post","status-publish","format-standard","has-post-thumbnail","hentry","category-internacionales"],"_links":{"self":[{"href":"https:\/\/masquenoticiastucuman.com.ar\/index.php?rest_route=\/wp\/v2\/posts\/61556","targetHints":{"allow":["GET"]}}],"collection":[{"href":"https:\/\/masquenoticiastucuman.com.ar\/index.php?rest_route=\/wp\/v2\/posts"}],"about":[{"href":"https:\/\/masquenoticiastucuman.com.ar\/index.php?rest_route=\/wp\/v2\/types\/post"}],"author":[{"embeddable":true,"href":"https:\/\/masquenoticiastucuman.com.ar\/index.php?rest_route=\/wp\/v2\/users\/1"}],"replies":[{"embeddable":true,"href":"https:\/\/masquenoticiastucuman.com.ar\/index.php?rest_route=%2Fwp%2Fv2%2Fcomments&post=61556"}],"version-history":[{"count":0,"href":"https:\/\/masquenoticiastucuman.com.ar\/index.php?rest_route=\/wp\/v2\/posts\/61556\/revisions"}],"wp:featuredmedia":[{"embeddable":true,"href":"https:\/\/masquenoticiastucuman.com.ar\/index.php?rest_route=\/wp\/v2\/media\/61557"}],"wp:attachment":[{"href":"https:\/\/masquenoticiastucuman.com.ar\/index.php?rest_route=%2Fwp%2Fv2%2Fmedia&parent=61556"}],"wp:term":[{"taxonomy":"category","embeddable":true,"href":"https:\/\/masquenoticiastucuman.com.ar\/index.php?rest_route=%2Fwp%2Fv2%2Fcategories&post=61556"},{"taxonomy":"post_tag","embeddable":true,"href":"https:\/\/masquenoticiastucuman.com.ar\/index.php?rest_route=%2Fwp%2Fv2%2Ftags&post=61556"}],"curies":[{"name":"wp","href":"https:\/\/api.w.org\/{rel}","templated":true}]}}