{"id":61558,"date":"2026-04-28T16:01:38","date_gmt":"2026-04-28T19:01:38","guid":{"rendered":"http:\/\/masquenoticiastucuman.com.ar\/?p=61558"},"modified":"2026-04-28T16:01:38","modified_gmt":"2026-04-28T19:01:38","slug":"por-miedo-a-donald-trump-la-otan-analiza-suspender-sus-cumbres-este-ano","status":"publish","type":"post","link":"https:\/\/masquenoticiastucuman.com.ar\/?p=61558","title":{"rendered":"Por miedo a Donald Trump, la OTAN analiza suspender sus cumbres este a\u00f1o"},"content":{"rendered":"<ul>\n<li>El presidente de Estados Unidos ha amenazado con abandonar la Alianza Atl\u00e1ntica y se enfrenta con varios de sus miembros por su pol\u00edtica militar.<\/li>\n<li>La guerra contra Ir\u00e1n elev\u00f3 la tensi\u00f3n y los choques entre el l\u00edder republicano y gran parte de los l\u00edderes europeos.<\/li>\n<\/ul>\n<p>\u200bEl presidente de Estados Unidos ha amenazado con abandonar la Alianza Atl\u00e1ntica y se enfrenta con varios de sus miembros por su pol\u00edtica militar.La guerra contra Ir\u00e1n elev\u00f3 la tensi\u00f3n y los choques entre el l\u00edder republicano y gran parte de los l\u00edderes europeos.\u00a0<a href=\"https:\/\/www.clarin.com\/mundo\/miedo-donald-trump-otan-analiza-suspender-cumbres-ano_0_OebaqVdrgg.html\" target=\"_blank\" class=\"feedzy-rss-link-icon\">Read More<\/a><\/p>","protected":false},"excerpt":{"rendered":"<p>El presidente de Estados Unidos ha amenazado con abandonar la Alianza Atl\u00e1ntica y se enfrenta&#8230;<\/p>\n","protected":false},"author":1,"featured_media":61559,"comment_status":"open","ping_status":"open","sticky":false,"template":"","format":"standard","meta":{"footnotes":""},"categories":[4],"tags":[],"class_list":["post-61558","post","type-post","status-publish","format-standard","has-post-thumbnail","hentry","category-internacionales"],"_links":{"self":[{"href":"https:\/\/masquenoticiastucuman.com.ar\/index.php?rest_route=\/wp\/v2\/posts\/61558","targetHints":{"allow":["GET"]}}],"collection":[{"href":"https:\/\/masquenoticiastucuman.com.ar\/index.php?rest_route=\/wp\/v2\/posts"}],"about":[{"href":"https:\/\/masquenoticiastucuman.com.ar\/index.php?rest_route=\/wp\/v2\/types\/post"}],"author":[{"embeddable":true,"href":"https:\/\/masquenoticiastucuman.com.ar\/index.php?rest_route=\/wp\/v2\/users\/1"}],"replies":[{"embeddable":true,"href":"https:\/\/masquenoticiastucuman.com.ar\/index.php?rest_route=%2Fwp%2Fv2%2Fcomments&post=61558"}],"version-history":[{"count":0,"href":"https:\/\/masquenoticiastucuman.com.ar\/index.php?rest_route=\/wp\/v2\/posts\/61558\/revisions"}],"wp:featuredmedia":[{"embeddable":true,"href":"https:\/\/masquenoticiastucuman.com.ar\/index.php?rest_route=\/wp\/v2\/media\/61559"}],"wp:attachment":[{"href":"https:\/\/masquenoticiastucuman.com.ar\/index.php?rest_route=%2Fwp%2Fv2%2Fmedia&parent=61558"}],"wp:term":[{"taxonomy":"category","embeddable":true,"href":"https:\/\/masquenoticiastucuman.com.ar\/index.php?rest_route=%2Fwp%2Fv2%2Fcategories&post=61558"},{"taxonomy":"post_tag","embeddable":true,"href":"https:\/\/masquenoticiastucuman.com.ar\/index.php?rest_route=%2Fwp%2Fv2%2Ftags&post=61558"}],"curies":[{"name":"wp","href":"https:\/\/api.w.org\/{rel}","templated":true}]}}