{"id":61560,"date":"2026-04-28T15:44:22","date_gmt":"2026-04-28T18:44:22","guid":{"rendered":"http:\/\/masquenoticiastucuman.com.ar\/?p=61560"},"modified":"2026-04-28T15:44:22","modified_gmt":"2026-04-28T18:44:22","slug":"la-comision-directiva-de-racing-salio-a-bancar-a-milito-en-medio-de-la-interna-politica-por-que-no-habla-el-presidente","status":"publish","type":"post","link":"https:\/\/masquenoticiastucuman.com.ar\/?p=61560","title":{"rendered":"La Comisi\u00f3n Directiva de Racing sali\u00f3 a bancar a Milito en medio de la interna pol\u00edtica: \u00bfpor qu\u00e9 no habla el presidente?"},"content":{"rendered":"<ul>\n<li>Luego del empate con Barracas que lo dej\u00f3 comprometido en el torneo local, la gente explot\u00f3 contra los directivos<\/li>\n<li>Milito no hablar\u00e1 hasta que el equipo atraviese los dos cruces claves de esta semana.<\/li>\n<li>Antes de la final del domingo ante Hurac\u00e1n, la Academia viaj\u00f3 a Venezuela para su compromiso de Copa Sudamericana.<\/li>\n<\/ul>\n<p>\u200bLuego del empate con Barracas que lo dej\u00f3 comprometido en el torneo local, la gente explot\u00f3 contra los directivosMilito no hablar\u00e1 hasta que el equipo atraviese los dos cruces claves de esta semana.Antes de la final del domingo ante Hurac\u00e1n, la Academia viaj\u00f3 a Venezuela para su compromiso de Copa Sudamericana.\u00a0<a href=\"https:\/\/www.clarin.com\/deportes\/comision-directiva-racing-salio-bancar-milito-medio-interna-politica-habla-presidente_0_uIELiOZmu1.html\" target=\"_blank\" class=\"feedzy-rss-link-icon\">Read More<\/a><\/p>","protected":false},"excerpt":{"rendered":"<p>Luego del empate con Barracas que lo dej\u00f3 comprometido en el torneo local, la gente&#8230;<\/p>\n","protected":false},"author":1,"featured_media":0,"comment_status":"open","ping_status":"open","sticky":false,"template":"","format":"standard","meta":{"footnotes":""},"categories":[6],"tags":[],"class_list":["post-61560","post","type-post","status-publish","format-standard","has-post-thumbnail","hentry","category-deportes"],"_links":{"self":[{"href":"https:\/\/masquenoticiastucuman.com.ar\/index.php?rest_route=\/wp\/v2\/posts\/61560","targetHints":{"allow":["GET"]}}],"collection":[{"href":"https:\/\/masquenoticiastucuman.com.ar\/index.php?rest_route=\/wp\/v2\/posts"}],"about":[{"href":"https:\/\/masquenoticiastucuman.com.ar\/index.php?rest_route=\/wp\/v2\/types\/post"}],"author":[{"embeddable":true,"href":"https:\/\/masquenoticiastucuman.com.ar\/index.php?rest_route=\/wp\/v2\/users\/1"}],"replies":[{"embeddable":true,"href":"https:\/\/masquenoticiastucuman.com.ar\/index.php?rest_route=%2Fwp%2Fv2%2Fcomments&post=61560"}],"version-history":[{"count":0,"href":"https:\/\/masquenoticiastucuman.com.ar\/index.php?rest_route=\/wp\/v2\/posts\/61560\/revisions"}],"wp:attachment":[{"href":"https:\/\/masquenoticiastucuman.com.ar\/index.php?rest_route=%2Fwp%2Fv2%2Fmedia&parent=61560"}],"wp:term":[{"taxonomy":"category","embeddable":true,"href":"https:\/\/masquenoticiastucuman.com.ar\/index.php?rest_route=%2Fwp%2Fv2%2Fcategories&post=61560"},{"taxonomy":"post_tag","embeddable":true,"href":"https:\/\/masquenoticiastucuman.com.ar\/index.php?rest_route=%2Fwp%2Fv2%2Ftags&post=61560"}],"curies":[{"name":"wp","href":"https:\/\/api.w.org\/{rel}","templated":true}]}}