{"id":61561,"date":"2026-04-28T15:34:52","date_gmt":"2026-04-28T18:34:52","guid":{"rendered":"http:\/\/masquenoticiastucuman.com.ar\/?p=61561"},"modified":"2026-04-28T15:34:52","modified_gmt":"2026-04-28T18:34:52","slug":"francisco-cerundolo-perdio-el-set-y-la-cabeza-con-blockx-en-el-masters-1000-de-madrid-destrozo-su-raqueta-contra-el-polvo-de-ladrillo","status":"publish","type":"post","link":"https:\/\/masquenoticiastucuman.com.ar\/?p=61561","title":{"rendered":"Francisco Cer\u00fandolo perdi\u00f3 el set y la cabeza con Blockx en el Masters 1000 de Madrid: destroz\u00f3 su raqueta contra el polvo de ladrillo"},"content":{"rendered":"<ul>\n<li>El argentino dej\u00f3 escapar el primer parcial ante el belga en el tie break y descarg\u00f3 su bronca contra su herramienta de trabajo.<\/li>\n<li>Luego termin\u00f3 despidi\u00e9ndose en forma sorpresiva ante el 69\u00b0 del ranking, que con 21 a\u00f1os lleg\u00f3 por primera vez a los cuartos de un torneo de esta categor\u00eda.<\/li>\n<li>La derrota le costar\u00e1 su lugar en el top 20 y su condici\u00f3n como n\u00famero 1 de Argentina.<\/li>\n<\/ul>\n<p>\u200bEl argentino dej\u00f3 escapar el primer parcial ante el belga en el tie break y descarg\u00f3 su bronca contra su herramienta de trabajo.Luego termin\u00f3 despidi\u00e9ndose en forma sorpresiva ante el 69\u00b0 del ranking, que con 21 a\u00f1os lleg\u00f3 por primera vez a los cuartos de un torneo de esta categor\u00eda.La derrota le costar\u00e1 su lugar en el top 20 y su condici\u00f3n como n\u00famero 1 de Argentina.\u00a0<a href=\"https:\/\/www.clarin.com\/deportes\/francisco-cerundolo-perdio-set-cabeza-blockx-masters-1000-madrid-destrozo-raqueta-polvo-ladrillo_0_JMXVLqth5X.html\" target=\"_blank\" class=\"feedzy-rss-link-icon\">Read More<\/a><\/p>","protected":false},"excerpt":{"rendered":"<p>El argentino dej\u00f3 escapar el primer parcial ante el belga en el tie break y&#8230;<\/p>\n","protected":false},"author":1,"featured_media":0,"comment_status":"open","ping_status":"open","sticky":false,"template":"","format":"standard","meta":{"footnotes":""},"categories":[6],"tags":[],"class_list":["post-61561","post","type-post","status-publish","format-standard","has-post-thumbnail","hentry","category-deportes"],"_links":{"self":[{"href":"https:\/\/masquenoticiastucuman.com.ar\/index.php?rest_route=\/wp\/v2\/posts\/61561","targetHints":{"allow":["GET"]}}],"collection":[{"href":"https:\/\/masquenoticiastucuman.com.ar\/index.php?rest_route=\/wp\/v2\/posts"}],"about":[{"href":"https:\/\/masquenoticiastucuman.com.ar\/index.php?rest_route=\/wp\/v2\/types\/post"}],"author":[{"embeddable":true,"href":"https:\/\/masquenoticiastucuman.com.ar\/index.php?rest_route=\/wp\/v2\/users\/1"}],"replies":[{"embeddable":true,"href":"https:\/\/masquenoticiastucuman.com.ar\/index.php?rest_route=%2Fwp%2Fv2%2Fcomments&post=61561"}],"version-history":[{"count":0,"href":"https:\/\/masquenoticiastucuman.com.ar\/index.php?rest_route=\/wp\/v2\/posts\/61561\/revisions"}],"wp:attachment":[{"href":"https:\/\/masquenoticiastucuman.com.ar\/index.php?rest_route=%2Fwp%2Fv2%2Fmedia&parent=61561"}],"wp:term":[{"taxonomy":"category","embeddable":true,"href":"https:\/\/masquenoticiastucuman.com.ar\/index.php?rest_route=%2Fwp%2Fv2%2Fcategories&post=61561"},{"taxonomy":"post_tag","embeddable":true,"href":"https:\/\/masquenoticiastucuman.com.ar\/index.php?rest_route=%2Fwp%2Fv2%2Ftags&post=61561"}],"curies":[{"name":"wp","href":"https:\/\/api.w.org\/{rel}","templated":true}]}}