{"id":61564,"date":"2026-04-28T18:01:40","date_gmt":"2026-04-28T21:01:40","guid":{"rendered":"http:\/\/masquenoticiastucuman.com.ar\/?p=61564"},"modified":"2026-04-28T18:01:40","modified_gmt":"2026-04-28T21:01:40","slug":"londres-en-pie-de-guerra-contra-la-plaga-del-robo-de-telefonos-celulares","status":"publish","type":"post","link":"https:\/\/masquenoticiastucuman.com.ar\/?p=61564","title":{"rendered":"Londres, en pie de guerra contra la plaga del robo de tel\u00e9fonos celulares"},"content":{"rendered":"<ul>\n<li>La polic\u00eda refuerza los patrullajes en zonas comerciales y tur\u00edsticas, donde crece el arrebato de estos aparatos.<\/li>\n<li>Las zonas m\u00e1s concurridas suelen ser escenario de este delito. Ladrones j\u00f3venes y un mercado din\u00e1mico.<\/li>\n<\/ul>\n<p>\u200bLa polic\u00eda refuerza los patrullajes en zonas comerciales y tur\u00edsticas, donde crece el arrebato de estos aparatos.Las zonas m\u00e1s concurridas suelen ser escenario de este delito. Ladrones j\u00f3venes y un mercado din\u00e1mico.\u00a0<a href=\"https:\/\/www.clarin.com\/mundo\/londres-pie-guerra-plaga-robo-telefonos-celulares_0_08OzryUVFN.html\" target=\"_blank\" class=\"feedzy-rss-link-icon\">Read More<\/a><\/p>","protected":false},"excerpt":{"rendered":"<p>La polic\u00eda refuerza los patrullajes en zonas comerciales y tur\u00edsticas, donde crece el arrebato de&#8230;<\/p>\n","protected":false},"author":1,"featured_media":61565,"comment_status":"open","ping_status":"open","sticky":false,"template":"","format":"standard","meta":{"footnotes":""},"categories":[4],"tags":[],"class_list":["post-61564","post","type-post","status-publish","format-standard","has-post-thumbnail","hentry","category-internacionales"],"_links":{"self":[{"href":"https:\/\/masquenoticiastucuman.com.ar\/index.php?rest_route=\/wp\/v2\/posts\/61564","targetHints":{"allow":["GET"]}}],"collection":[{"href":"https:\/\/masquenoticiastucuman.com.ar\/index.php?rest_route=\/wp\/v2\/posts"}],"about":[{"href":"https:\/\/masquenoticiastucuman.com.ar\/index.php?rest_route=\/wp\/v2\/types\/post"}],"author":[{"embeddable":true,"href":"https:\/\/masquenoticiastucuman.com.ar\/index.php?rest_route=\/wp\/v2\/users\/1"}],"replies":[{"embeddable":true,"href":"https:\/\/masquenoticiastucuman.com.ar\/index.php?rest_route=%2Fwp%2Fv2%2Fcomments&post=61564"}],"version-history":[{"count":0,"href":"https:\/\/masquenoticiastucuman.com.ar\/index.php?rest_route=\/wp\/v2\/posts\/61564\/revisions"}],"wp:featuredmedia":[{"embeddable":true,"href":"https:\/\/masquenoticiastucuman.com.ar\/index.php?rest_route=\/wp\/v2\/media\/61565"}],"wp:attachment":[{"href":"https:\/\/masquenoticiastucuman.com.ar\/index.php?rest_route=%2Fwp%2Fv2%2Fmedia&parent=61564"}],"wp:term":[{"taxonomy":"category","embeddable":true,"href":"https:\/\/masquenoticiastucuman.com.ar\/index.php?rest_route=%2Fwp%2Fv2%2Fcategories&post=61564"},{"taxonomy":"post_tag","embeddable":true,"href":"https:\/\/masquenoticiastucuman.com.ar\/index.php?rest_route=%2Fwp%2Fv2%2Ftags&post=61564"}],"curies":[{"name":"wp","href":"https:\/\/api.w.org\/{rel}","templated":true}]}}