{"id":61566,"date":"2026-04-28T18:45:38","date_gmt":"2026-04-28T21:45:38","guid":{"rendered":"http:\/\/masquenoticiastucuman.com.ar\/?p=61566"},"modified":"2026-04-28T18:45:38","modified_gmt":"2026-04-28T21:45:38","slug":"el-exfutbolista-erik-lamela-paso-por-el-quirofano-y-mostro-el-estado-de-su-cadera-a-los-34-anos-se-opero-para-tener-una-vida-sin-dolor","status":"publish","type":"post","link":"https:\/\/masquenoticiastucuman.com.ar\/?p=61566","title":{"rendered":"El exfutbolista Erik Lamela pas\u00f3 por el quir\u00f3fano y mostr\u00f3 el estado de su cadera a los 34 a\u00f1os: se oper\u00f3 para tener &#8220;una vida sin dolor&#8221;"},"content":{"rendered":"<ul>\n<li>Jug\u00f3 en River, brill\u00f3 en Europa y hasta gan\u00f3 el Puskas por un golazo de rabona.<\/li>\n<li>Se tuvo que retirar a muy temprana edad por las lesiones y molestias f\u00edsicas.<\/li>\n<li>&#8220;Un poco dolorido pero con mi nueva cadera&#8221;, escribi\u00f3 en su cuenta de X.<\/li>\n<\/ul>\n<p>\u200bJug\u00f3 en River, brill\u00f3 en Europa y hasta gan\u00f3 el Puskas por un golazo de rabona.Se tuvo que retirar a muy temprana edad por las lesiones y molestias f\u00edsicas.&#8221;Un poco dolorido pero con mi nueva cadera&#8221;, escribi\u00f3 en su cuenta de X.\u00a0<a href=\"https:\/\/www.clarin.com\/deportes\/exfutbolista-erik-lamela-paso-quirofano-mostro-estado-cadera-34-anos-opero-tener-vida-dolor_0_WnyOQX0xxi.html\" target=\"_blank\" class=\"feedzy-rss-link-icon\">Read More<\/a><\/p>","protected":false},"excerpt":{"rendered":"<p>Jug\u00f3 en River, brill\u00f3 en Europa y hasta gan\u00f3 el Puskas por un golazo de&#8230;<\/p>\n","protected":false},"author":1,"featured_media":0,"comment_status":"open","ping_status":"open","sticky":false,"template":"","format":"standard","meta":{"footnotes":""},"categories":[6],"tags":[],"class_list":["post-61566","post","type-post","status-publish","format-standard","has-post-thumbnail","hentry","category-deportes"],"_links":{"self":[{"href":"https:\/\/masquenoticiastucuman.com.ar\/index.php?rest_route=\/wp\/v2\/posts\/61566","targetHints":{"allow":["GET"]}}],"collection":[{"href":"https:\/\/masquenoticiastucuman.com.ar\/index.php?rest_route=\/wp\/v2\/posts"}],"about":[{"href":"https:\/\/masquenoticiastucuman.com.ar\/index.php?rest_route=\/wp\/v2\/types\/post"}],"author":[{"embeddable":true,"href":"https:\/\/masquenoticiastucuman.com.ar\/index.php?rest_route=\/wp\/v2\/users\/1"}],"replies":[{"embeddable":true,"href":"https:\/\/masquenoticiastucuman.com.ar\/index.php?rest_route=%2Fwp%2Fv2%2Fcomments&post=61566"}],"version-history":[{"count":0,"href":"https:\/\/masquenoticiastucuman.com.ar\/index.php?rest_route=\/wp\/v2\/posts\/61566\/revisions"}],"wp:attachment":[{"href":"https:\/\/masquenoticiastucuman.com.ar\/index.php?rest_route=%2Fwp%2Fv2%2Fmedia&parent=61566"}],"wp:term":[{"taxonomy":"category","embeddable":true,"href":"https:\/\/masquenoticiastucuman.com.ar\/index.php?rest_route=%2Fwp%2Fv2%2Fcategories&post=61566"},{"taxonomy":"post_tag","embeddable":true,"href":"https:\/\/masquenoticiastucuman.com.ar\/index.php?rest_route=%2Fwp%2Fv2%2Ftags&post=61566"}],"curies":[{"name":"wp","href":"https:\/\/api.w.org\/{rel}","templated":true}]}}