{"id":61567,"date":"2026-04-28T18:40:12","date_gmt":"2026-04-28T21:40:12","guid":{"rendered":"http:\/\/masquenoticiastucuman.com.ar\/?p=61567"},"modified":"2026-04-28T18:40:12","modified_gmt":"2026-04-28T21:40:12","slug":"psg-vs-bayern-munich-un-deleite-de-futbol-y-goles-que-se-mete-entre-los-mejores-partidos-de-la-historia-de-la-champions-league","status":"publish","type":"post","link":"https:\/\/masquenoticiastucuman.com.ar\/?p=61567","title":{"rendered":"PSG vs Bayern M\u00fanich, un deleite de f\u00fatbol y goles que se mete entre los mejores partidos de la historia de la Champions League"},"content":{"rendered":"<ul>\n<li>El campe\u00f3n gan\u00f3 en Par\u00eds pero la serie qued\u00f3 abierta para la revancha.<\/li>\n<li>El primer tiempo tuvo cinco goles, y en el complemento fueron por m\u00e1s.<\/li>\n<li>Una noche inolvidable que tambi\u00e9n rompi\u00f3 todo tipo de r\u00e9cords.<\/li>\n<\/ul>\n<p>\u200bEl campe\u00f3n gan\u00f3 en Par\u00eds pero la serie qued\u00f3 abierta para la revancha.El primer tiempo tuvo cinco goles, y en el complemento fueron por m\u00e1s.Una noche inolvidable que tambi\u00e9n rompi\u00f3 todo tipo de r\u00e9cords.\u00a0<a href=\"https:\/\/www.clarin.com\/deportes\/psg-vs-bayern-munich-deleite-futbol-goles-mete-mejores-partidos-historia-champions-league_0_bV3Vj6x6XS.html\" target=\"_blank\" class=\"feedzy-rss-link-icon\">Read More<\/a><\/p>","protected":false},"excerpt":{"rendered":"<p>El campe\u00f3n gan\u00f3 en Par\u00eds pero la serie qued\u00f3 abierta para la revancha. El primer&#8230;<\/p>\n","protected":false},"author":1,"featured_media":0,"comment_status":"open","ping_status":"open","sticky":false,"template":"","format":"standard","meta":{"footnotes":""},"categories":[6],"tags":[],"class_list":["post-61567","post","type-post","status-publish","format-standard","has-post-thumbnail","hentry","category-deportes"],"_links":{"self":[{"href":"https:\/\/masquenoticiastucuman.com.ar\/index.php?rest_route=\/wp\/v2\/posts\/61567","targetHints":{"allow":["GET"]}}],"collection":[{"href":"https:\/\/masquenoticiastucuman.com.ar\/index.php?rest_route=\/wp\/v2\/posts"}],"about":[{"href":"https:\/\/masquenoticiastucuman.com.ar\/index.php?rest_route=\/wp\/v2\/types\/post"}],"author":[{"embeddable":true,"href":"https:\/\/masquenoticiastucuman.com.ar\/index.php?rest_route=\/wp\/v2\/users\/1"}],"replies":[{"embeddable":true,"href":"https:\/\/masquenoticiastucuman.com.ar\/index.php?rest_route=%2Fwp%2Fv2%2Fcomments&post=61567"}],"version-history":[{"count":0,"href":"https:\/\/masquenoticiastucuman.com.ar\/index.php?rest_route=\/wp\/v2\/posts\/61567\/revisions"}],"wp:attachment":[{"href":"https:\/\/masquenoticiastucuman.com.ar\/index.php?rest_route=%2Fwp%2Fv2%2Fmedia&parent=61567"}],"wp:term":[{"taxonomy":"category","embeddable":true,"href":"https:\/\/masquenoticiastucuman.com.ar\/index.php?rest_route=%2Fwp%2Fv2%2Fcategories&post=61567"},{"taxonomy":"post_tag","embeddable":true,"href":"https:\/\/masquenoticiastucuman.com.ar\/index.php?rest_route=%2Fwp%2Fv2%2Ftags&post=61567"}],"curies":[{"name":"wp","href":"https:\/\/api.w.org\/{rel}","templated":true}]}}