{"id":61568,"date":"2026-04-28T19:04:49","date_gmt":"2026-04-28T22:04:49","guid":{"rendered":"http:\/\/masquenoticiastucuman.com.ar\/?p=61568"},"modified":"2026-04-28T19:04:49","modified_gmt":"2026-04-28T22:04:49","slug":"por-que-me-dicen-vendepatria-el-ceo-de-cocos-fue-abucheado-y-debio-interrumpir-una-charla-ante-jovenes","status":"publish","type":"post","link":"https:\/\/masquenoticiastucuman.com.ar\/?p=61568","title":{"rendered":"&#8220;\u00bfPor qu\u00e9 me dicen vendepatria?&#8221;: el CEO de Cocos fue abucheado y debi\u00f3 interrumpir una charla ante j\u00f3venes"},"content":{"rendered":"<ul>\n<li>Ariel Sbdar abandon\u00f3 el escenario antes de tiempo luego de que un grupo de j\u00f3venes comenzaron a cantarle &#8220;La Patria no se vende\u201d.<\/li>\n<li>Sucedi\u00f3 durante el Experiencia Endeavor Sub20, un evento dirigido a estudiantes del \u00faltima a\u00f1o de la secundaria.<\/li>\n<\/ul>\n<p>\u200bAriel Sbdar abandon\u00f3 el escenario antes de tiempo luego de que un grupo de j\u00f3venes comenzaron a cantarle &#8220;La Patria no se vende\u201d.Sucedi\u00f3 durante el Experiencia Endeavor Sub20, un evento dirigido a estudiantes del \u00faltima a\u00f1o de la secundaria.\u00a0<a href=\"https:\/\/www.clarin.com\/economia\/dicen-vende-patria-ceo-cocos-abandono-charla-luego-recibir-abucheos-publico_0_l24hAovRxB.html\" target=\"_blank\" class=\"feedzy-rss-link-icon\">Read More<\/a><\/p>","protected":false},"excerpt":{"rendered":"<p>Ariel Sbdar abandon\u00f3 el escenario antes de tiempo luego de que un grupo de j\u00f3venes&#8230;<\/p>\n","protected":false},"author":1,"featured_media":0,"comment_status":"open","ping_status":"open","sticky":false,"template":"","format":"standard","meta":{"footnotes":""},"categories":[3],"tags":[],"class_list":["post-61568","post","type-post","status-publish","format-standard","has-post-thumbnail","hentry","category-nacionales"],"_links":{"self":[{"href":"https:\/\/masquenoticiastucuman.com.ar\/index.php?rest_route=\/wp\/v2\/posts\/61568","targetHints":{"allow":["GET"]}}],"collection":[{"href":"https:\/\/masquenoticiastucuman.com.ar\/index.php?rest_route=\/wp\/v2\/posts"}],"about":[{"href":"https:\/\/masquenoticiastucuman.com.ar\/index.php?rest_route=\/wp\/v2\/types\/post"}],"author":[{"embeddable":true,"href":"https:\/\/masquenoticiastucuman.com.ar\/index.php?rest_route=\/wp\/v2\/users\/1"}],"replies":[{"embeddable":true,"href":"https:\/\/masquenoticiastucuman.com.ar\/index.php?rest_route=%2Fwp%2Fv2%2Fcomments&post=61568"}],"version-history":[{"count":0,"href":"https:\/\/masquenoticiastucuman.com.ar\/index.php?rest_route=\/wp\/v2\/posts\/61568\/revisions"}],"wp:attachment":[{"href":"https:\/\/masquenoticiastucuman.com.ar\/index.php?rest_route=%2Fwp%2Fv2%2Fmedia&parent=61568"}],"wp:term":[{"taxonomy":"category","embeddable":true,"href":"https:\/\/masquenoticiastucuman.com.ar\/index.php?rest_route=%2Fwp%2Fv2%2Fcategories&post=61568"},{"taxonomy":"post_tag","embeddable":true,"href":"https:\/\/masquenoticiastucuman.com.ar\/index.php?rest_route=%2Fwp%2Fv2%2Ftags&post=61568"}],"curies":[{"name":"wp","href":"https:\/\/api.w.org\/{rel}","templated":true}]}}