{"id":61569,"date":"2026-04-28T21:37:02","date_gmt":"2026-04-29T00:37:02","guid":{"rendered":"http:\/\/masquenoticiastucuman.com.ar\/?p=61569"},"modified":"2026-04-28T21:37:02","modified_gmt":"2026-04-29T00:37:02","slug":"el-ex-director-del-fbi-fue-acusado-de-amenazar-con-matar-a-trump-que-significan-los-numeros-86-47-por-los-que-se-lo-denuncio","status":"publish","type":"post","link":"https:\/\/masquenoticiastucuman.com.ar\/?p=61569","title":{"rendered":"El ex director del FBI fue acusado de amenazar con matar a Trump: qu\u00e9 significan los n\u00fameros &#8220;86 47&#8221; por los que se lo denunci\u00f3"},"content":{"rendered":"<ul>\n<li>James Comey, un cr\u00edtico ac\u00e9rrimo del presidente de Estados Unidos, hab\u00eda llegado al cargo con Barack Obama y fue despedido por el republicano en su primer mandato. <\/li>\n<li>Los cargos suponen una pena de hasta 10 a\u00f1os de prisi\u00f3n.<\/li>\n<\/ul>\n<p>\u200bJames Comey, un cr\u00edtico ac\u00e9rrimo del presidente de Estados Unidos, hab\u00eda llegado al cargo con Barack Obama y fue despedido por el republicano en su primer mandato. Los cargos suponen una pena de hasta 10 a\u00f1os de prisi\u00f3n.\u00a0<a href=\"https:\/\/www.clarin.com\/mundo\/ex-director-fbi-acusado-amenazar-matar-trump-significan-numeros-86-47-denuncio_0_uqur1iNkFz.html\" target=\"_blank\" class=\"feedzy-rss-link-icon\">Read More<\/a><\/p>","protected":false},"excerpt":{"rendered":"<p>James Comey, un cr\u00edtico ac\u00e9rrimo del presidente de Estados Unidos, hab\u00eda llegado al cargo con&#8230;<\/p>\n","protected":false},"author":1,"featured_media":61570,"comment_status":"open","ping_status":"open","sticky":false,"template":"","format":"standard","meta":{"footnotes":""},"categories":[4],"tags":[],"class_list":["post-61569","post","type-post","status-publish","format-standard","has-post-thumbnail","hentry","category-internacionales"],"_links":{"self":[{"href":"https:\/\/masquenoticiastucuman.com.ar\/index.php?rest_route=\/wp\/v2\/posts\/61569","targetHints":{"allow":["GET"]}}],"collection":[{"href":"https:\/\/masquenoticiastucuman.com.ar\/index.php?rest_route=\/wp\/v2\/posts"}],"about":[{"href":"https:\/\/masquenoticiastucuman.com.ar\/index.php?rest_route=\/wp\/v2\/types\/post"}],"author":[{"embeddable":true,"href":"https:\/\/masquenoticiastucuman.com.ar\/index.php?rest_route=\/wp\/v2\/users\/1"}],"replies":[{"embeddable":true,"href":"https:\/\/masquenoticiastucuman.com.ar\/index.php?rest_route=%2Fwp%2Fv2%2Fcomments&post=61569"}],"version-history":[{"count":0,"href":"https:\/\/masquenoticiastucuman.com.ar\/index.php?rest_route=\/wp\/v2\/posts\/61569\/revisions"}],"wp:featuredmedia":[{"embeddable":true,"href":"https:\/\/masquenoticiastucuman.com.ar\/index.php?rest_route=\/wp\/v2\/media\/61570"}],"wp:attachment":[{"href":"https:\/\/masquenoticiastucuman.com.ar\/index.php?rest_route=%2Fwp%2Fv2%2Fmedia&parent=61569"}],"wp:term":[{"taxonomy":"category","embeddable":true,"href":"https:\/\/masquenoticiastucuman.com.ar\/index.php?rest_route=%2Fwp%2Fv2%2Fcategories&post=61569"},{"taxonomy":"post_tag","embeddable":true,"href":"https:\/\/masquenoticiastucuman.com.ar\/index.php?rest_route=%2Fwp%2Fv2%2Ftags&post=61569"}],"curies":[{"name":"wp","href":"https:\/\/api.w.org\/{rel}","templated":true}]}}