{"id":61571,"date":"2026-04-28T19:35:05","date_gmt":"2026-04-28T22:35:05","guid":{"rendered":"http:\/\/masquenoticiastucuman.com.ar\/?p=61571"},"modified":"2026-04-28T19:35:05","modified_gmt":"2026-04-28T22:35:05","slug":"estados-unidos-tendra-pasaportes-conmemorativos-por-los-250-anos-de-su-independencia-con-la-cara-de-donald-trump","status":"publish","type":"post","link":"https:\/\/masquenoticiastucuman.com.ar\/?p=61571","title":{"rendered":"Estados Unidos tendr\u00e1 pasaportes conmemorativos por los 250 a\u00f1os de su independencia con la cara de Donald Trump"},"content":{"rendered":"<ul>\n<li>El concepto del pasaporte especial, incluida una ilustraci\u00f3n del presidente con una expresi\u00f3n adusta, se hab\u00eda estudiado durante meses antes de que finalmente se aprobara a \u00faltima hora de este lunes.<\/li>\n<li>Los solicitantes que no quieran el documento conmemorativo podr\u00e1n elegir uno est\u00e1ndar, indicaron funcionarios.<\/li>\n<\/ul>\n<p>\u200bEl concepto del pasaporte especial, incluida una ilustraci\u00f3n del presidente con una expresi\u00f3n adusta, se hab\u00eda estudiado durante meses antes de que finalmente se aprobara a \u00faltima hora de este lunes.Los solicitantes que no quieran el documento conmemorativo podr\u00e1n elegir uno est\u00e1ndar, indicaron funcionarios.\u00a0<a href=\"https:\/\/www.clarin.com\/mundo\/estados-unidos-pasaportes-conmemorativos-250-anos-independencia-cara-donald-trump_0_X2er5s9Xwu.html\" target=\"_blank\" class=\"feedzy-rss-link-icon\">Read More<\/a><\/p>","protected":false},"excerpt":{"rendered":"<p>El concepto del pasaporte especial, incluida una ilustraci\u00f3n del presidente con una expresi\u00f3n adusta, se&#8230;<\/p>\n","protected":false},"author":1,"featured_media":61572,"comment_status":"open","ping_status":"open","sticky":false,"template":"","format":"standard","meta":{"footnotes":""},"categories":[4],"tags":[],"class_list":["post-61571","post","type-post","status-publish","format-standard","has-post-thumbnail","hentry","category-internacionales"],"_links":{"self":[{"href":"https:\/\/masquenoticiastucuman.com.ar\/index.php?rest_route=\/wp\/v2\/posts\/61571","targetHints":{"allow":["GET"]}}],"collection":[{"href":"https:\/\/masquenoticiastucuman.com.ar\/index.php?rest_route=\/wp\/v2\/posts"}],"about":[{"href":"https:\/\/masquenoticiastucuman.com.ar\/index.php?rest_route=\/wp\/v2\/types\/post"}],"author":[{"embeddable":true,"href":"https:\/\/masquenoticiastucuman.com.ar\/index.php?rest_route=\/wp\/v2\/users\/1"}],"replies":[{"embeddable":true,"href":"https:\/\/masquenoticiastucuman.com.ar\/index.php?rest_route=%2Fwp%2Fv2%2Fcomments&post=61571"}],"version-history":[{"count":0,"href":"https:\/\/masquenoticiastucuman.com.ar\/index.php?rest_route=\/wp\/v2\/posts\/61571\/revisions"}],"wp:featuredmedia":[{"embeddable":true,"href":"https:\/\/masquenoticiastucuman.com.ar\/index.php?rest_route=\/wp\/v2\/media\/61572"}],"wp:attachment":[{"href":"https:\/\/masquenoticiastucuman.com.ar\/index.php?rest_route=%2Fwp%2Fv2%2Fmedia&parent=61571"}],"wp:term":[{"taxonomy":"category","embeddable":true,"href":"https:\/\/masquenoticiastucuman.com.ar\/index.php?rest_route=%2Fwp%2Fv2%2Fcategories&post=61571"},{"taxonomy":"post_tag","embeddable":true,"href":"https:\/\/masquenoticiastucuman.com.ar\/index.php?rest_route=%2Fwp%2Fv2%2Ftags&post=61571"}],"curies":[{"name":"wp","href":"https:\/\/api.w.org\/{rel}","templated":true}]}}