{"id":61573,"date":"2026-04-28T21:51:31","date_gmt":"2026-04-29T00:51:31","guid":{"rendered":"http:\/\/masquenoticiastucuman.com.ar\/?p=61573"},"modified":"2026-04-28T21:51:31","modified_gmt":"2026-04-29T00:51:31","slug":"quien-es-pablo-longoria-el-nuevo-director-deportivo-que-anuncio-river-cual-sera-su-alcance-y-de-quien-dependera","status":"publish","type":"post","link":"https:\/\/masquenoticiastucuman.com.ar\/?p=61573","title":{"rendered":"Qui\u00e9n es Pablo Longoria, el nuevo director deportivo que anunci\u00f3 River: cu\u00e1l ser\u00e1 su alcance y de qui\u00e9n depender\u00e1"},"content":{"rendered":"<ul>\n<li>Ya lleg\u00f3 a la Argentina y recorri\u00f3 las instalaciones del estadio Monumental.<\/li>\n<li>Coordinar\u00e1 seis \u00e1reas vitales del f\u00fatbol del club.<\/li>\n<\/ul>\n<p>\u200bYa lleg\u00f3 a la Argentina y recorri\u00f3 las instalaciones del estadio Monumental.Coordinar\u00e1 seis \u00e1reas vitales del f\u00fatbol del club.\u00a0<a href=\"https:\/\/www.clarin.com\/deportes\/pablo-longoria-nuevo-director-deportivo-anuncio-river-alcance-dependera_0_eh7ljL5siL.html\" target=\"_blank\" class=\"feedzy-rss-link-icon\">Read More<\/a><\/p>","protected":false},"excerpt":{"rendered":"<p>Ya lleg\u00f3 a la Argentina y recorri\u00f3 las instalaciones del estadio Monumental. Coordinar\u00e1 seis \u00e1reas&#8230;<\/p>\n","protected":false},"author":1,"featured_media":0,"comment_status":"open","ping_status":"open","sticky":false,"template":"","format":"standard","meta":{"footnotes":""},"categories":[6],"tags":[],"class_list":["post-61573","post","type-post","status-publish","format-standard","has-post-thumbnail","hentry","category-deportes"],"_links":{"self":[{"href":"https:\/\/masquenoticiastucuman.com.ar\/index.php?rest_route=\/wp\/v2\/posts\/61573","targetHints":{"allow":["GET"]}}],"collection":[{"href":"https:\/\/masquenoticiastucuman.com.ar\/index.php?rest_route=\/wp\/v2\/posts"}],"about":[{"href":"https:\/\/masquenoticiastucuman.com.ar\/index.php?rest_route=\/wp\/v2\/types\/post"}],"author":[{"embeddable":true,"href":"https:\/\/masquenoticiastucuman.com.ar\/index.php?rest_route=\/wp\/v2\/users\/1"}],"replies":[{"embeddable":true,"href":"https:\/\/masquenoticiastucuman.com.ar\/index.php?rest_route=%2Fwp%2Fv2%2Fcomments&post=61573"}],"version-history":[{"count":0,"href":"https:\/\/masquenoticiastucuman.com.ar\/index.php?rest_route=\/wp\/v2\/posts\/61573\/revisions"}],"wp:attachment":[{"href":"https:\/\/masquenoticiastucuman.com.ar\/index.php?rest_route=%2Fwp%2Fv2%2Fmedia&parent=61573"}],"wp:term":[{"taxonomy":"category","embeddable":true,"href":"https:\/\/masquenoticiastucuman.com.ar\/index.php?rest_route=%2Fwp%2Fv2%2Fcategories&post=61573"},{"taxonomy":"post_tag","embeddable":true,"href":"https:\/\/masquenoticiastucuman.com.ar\/index.php?rest_route=%2Fwp%2Fv2%2Ftags&post=61573"}],"curies":[{"name":"wp","href":"https:\/\/api.w.org\/{rel}","templated":true}]}}