{"id":61574,"date":"2026-04-29T00:55:41","date_gmt":"2026-04-29T03:55:41","guid":{"rendered":"http:\/\/masquenoticiastucuman.com.ar\/?p=61574"},"modified":"2026-04-29T00:55:41","modified_gmt":"2026-04-29T03:55:41","slug":"toca-tragar-mierda-el-crudo-posteo-de-disculpas-de-adam-bareiro-tras-su-expulsion-en-boca-vs-cruzeiro-por-la-copa-libertadores","status":"publish","type":"post","link":"https:\/\/masquenoticiastucuman.com.ar\/?p=61574","title":{"rendered":"&#8220;Toca tragar mierda&#8221;: el crudo posteo de disculpas de Adam Bareiro tras su expulsi\u00f3n en Boca vs Cruzeiro por la Copa Libertadores"},"content":{"rendered":"<ul>\n<li>El paraguayo recibi\u00f3 la doble amarilla en el cierre del primer tiempo del encuentro que termin\u00f3 0-1 en Belo Horizonte.<\/li>\n<li>Mir\u00e1 el video.<\/li>\n<\/ul>\n<p>\u200bEl paraguayo recibi\u00f3 la doble amarilla en el cierre del primer tiempo del encuentro que termin\u00f3 0-1 en Belo Horizonte.Mir\u00e1 el video.\u00a0<a href=\"https:\/\/www.clarin.com\/deportes\/toca-tragar-mierda-crudo-posteo-disculpas-adam-bareiro-expulsion-boca-vs-cruzeiro-copa-libertadores_0_in9v3DiTPh.html\" target=\"_blank\" class=\"feedzy-rss-link-icon\">Read More<\/a><\/p>","protected":false},"excerpt":{"rendered":"<p>El paraguayo recibi\u00f3 la doble amarilla en el cierre del primer tiempo del encuentro que&#8230;<\/p>\n","protected":false},"author":1,"featured_media":0,"comment_status":"open","ping_status":"open","sticky":false,"template":"","format":"standard","meta":{"footnotes":""},"categories":[6],"tags":[],"class_list":["post-61574","post","type-post","status-publish","format-standard","has-post-thumbnail","hentry","category-deportes"],"_links":{"self":[{"href":"https:\/\/masquenoticiastucuman.com.ar\/index.php?rest_route=\/wp\/v2\/posts\/61574","targetHints":{"allow":["GET"]}}],"collection":[{"href":"https:\/\/masquenoticiastucuman.com.ar\/index.php?rest_route=\/wp\/v2\/posts"}],"about":[{"href":"https:\/\/masquenoticiastucuman.com.ar\/index.php?rest_route=\/wp\/v2\/types\/post"}],"author":[{"embeddable":true,"href":"https:\/\/masquenoticiastucuman.com.ar\/index.php?rest_route=\/wp\/v2\/users\/1"}],"replies":[{"embeddable":true,"href":"https:\/\/masquenoticiastucuman.com.ar\/index.php?rest_route=%2Fwp%2Fv2%2Fcomments&post=61574"}],"version-history":[{"count":0,"href":"https:\/\/masquenoticiastucuman.com.ar\/index.php?rest_route=\/wp\/v2\/posts\/61574\/revisions"}],"wp:attachment":[{"href":"https:\/\/masquenoticiastucuman.com.ar\/index.php?rest_route=%2Fwp%2Fv2%2Fmedia&parent=61574"}],"wp:term":[{"taxonomy":"category","embeddable":true,"href":"https:\/\/masquenoticiastucuman.com.ar\/index.php?rest_route=%2Fwp%2Fv2%2Fcategories&post=61574"},{"taxonomy":"post_tag","embeddable":true,"href":"https:\/\/masquenoticiastucuman.com.ar\/index.php?rest_route=%2Fwp%2Fv2%2Ftags&post=61574"}],"curies":[{"name":"wp","href":"https:\/\/api.w.org\/{rel}","templated":true}]}}