{"id":61575,"date":"2026-04-28T23:41:33","date_gmt":"2026-04-29T02:41:33","guid":{"rendered":"http:\/\/masquenoticiastucuman.com.ar\/?p=61575"},"modified":"2026-04-28T23:41:33","modified_gmt":"2026-04-29T02:41:33","slug":"el-picante-final-de-cruzeiro-vs-boca-corridas-y-empujones-tras-un-partido-repleto-de-discusiones-en-la-copa-libertadores-2026","status":"publish","type":"post","link":"https:\/\/masquenoticiastucuman.com.ar\/?p=61575","title":{"rendered":"El picante final de Cruzeiro vs Boca: corridas y empujones tras un partido repleto de discusiones en la Copa Libertadores 2026"},"content":{"rendered":"<ul>\n<li>Ayrton Costa fue uno de los m\u00e1s nerviosos y Weigandt &#8220;tumb\u00f3&#8221; a un colaborador del conjunto de Belo Horizonte.<\/li>\n<li>Mir\u00e1 los videos.<\/li>\n<\/ul>\n<p>\u200bAyrton Costa fue uno de los m\u00e1s nerviosos y Weigandt &#8220;tumb\u00f3&#8221; a un colaborador del conjunto de Belo Horizonte.Mir\u00e1 los videos.\u00a0<a href=\"https:\/\/www.clarin.com\/deportes\/picante-final-cruzeiro-vs-boca-corridas-empujones-partido-repleto-discusiones-copa-libertadores-2026_0_VsinROh7GY.html\" target=\"_blank\" class=\"feedzy-rss-link-icon\">Read More<\/a><\/p>","protected":false},"excerpt":{"rendered":"<p>Ayrton Costa fue uno de los m\u00e1s nerviosos y Weigandt &#8220;tumb\u00f3&#8221; a un colaborador del&#8230;<\/p>\n","protected":false},"author":1,"featured_media":0,"comment_status":"open","ping_status":"open","sticky":false,"template":"","format":"standard","meta":{"footnotes":""},"categories":[6],"tags":[],"class_list":["post-61575","post","type-post","status-publish","format-standard","has-post-thumbnail","hentry","category-deportes"],"_links":{"self":[{"href":"https:\/\/masquenoticiastucuman.com.ar\/index.php?rest_route=\/wp\/v2\/posts\/61575","targetHints":{"allow":["GET"]}}],"collection":[{"href":"https:\/\/masquenoticiastucuman.com.ar\/index.php?rest_route=\/wp\/v2\/posts"}],"about":[{"href":"https:\/\/masquenoticiastucuman.com.ar\/index.php?rest_route=\/wp\/v2\/types\/post"}],"author":[{"embeddable":true,"href":"https:\/\/masquenoticiastucuman.com.ar\/index.php?rest_route=\/wp\/v2\/users\/1"}],"replies":[{"embeddable":true,"href":"https:\/\/masquenoticiastucuman.com.ar\/index.php?rest_route=%2Fwp%2Fv2%2Fcomments&post=61575"}],"version-history":[{"count":0,"href":"https:\/\/masquenoticiastucuman.com.ar\/index.php?rest_route=\/wp\/v2\/posts\/61575\/revisions"}],"wp:attachment":[{"href":"https:\/\/masquenoticiastucuman.com.ar\/index.php?rest_route=%2Fwp%2Fv2%2Fmedia&parent=61575"}],"wp:term":[{"taxonomy":"category","embeddable":true,"href":"https:\/\/masquenoticiastucuman.com.ar\/index.php?rest_route=%2Fwp%2Fv2%2Fcategories&post=61575"},{"taxonomy":"post_tag","embeddable":true,"href":"https:\/\/masquenoticiastucuman.com.ar\/index.php?rest_route=%2Fwp%2Fv2%2Ftags&post=61575"}],"curies":[{"name":"wp","href":"https:\/\/api.w.org\/{rel}","templated":true}]}}