{"id":61577,"date":"2026-04-29T07:28:58","date_gmt":"2026-04-29T10:28:58","guid":{"rendered":"https:\/\/masquenoticiastucuman.com.ar\/?p=61577"},"modified":"2026-04-29T07:28:58","modified_gmt":"2026-04-29T10:28:58","slug":"jaldo-inauguro-pavimento-visito-obras-y-entrego-camiones-en-lomas-de-tafi","status":"publish","type":"post","link":"https:\/\/masquenoticiastucuman.com.ar\/?p=61577","title":{"rendered":"Jaldo inaugur\u00f3 pavimento, visit\u00f3 obras y entreg\u00f3 camiones en Lomas de Taf\u00ed"},"content":{"rendered":"\n<p>El barrio contar\u00e1 pr\u00f3ximamente con un nuevo destacamento policial y un punto verde. Los veh\u00edculos ser\u00e1n utilizados para la recolecci\u00f3n de residuos.<\/p>\n\n\n\n<p id=\"isPasted\">El gobernador&nbsp;<strong>Osvaldo Jaldo<\/strong>&nbsp;visit\u00f3 hoy el barrio Lomas de Taf\u00ed, en Taf\u00ed Viejo, donde recorri\u00f3 obras en ejecuci\u00f3n, inaugur\u00f3 nuevas cuadras de pavimento y encabez\u00f3 la entrega de tres camiones destinados a la recolecci\u00f3n de residuos.<\/p>\n\n\n\n<p>Jaldo estuvo acompa\u00f1ado por el vicegobernador&nbsp;<strong>Miguel Acevedo<\/strong>; el ministro del Interior,&nbsp;<strong>Dar\u00edo Monteros<\/strong>; el ministro de Seguridad,<strong>&nbsp;Eugenio Ag\u00fcero Gamboa<\/strong>; el titular del Ente de Infraestructura Comunitaria,&nbsp;<strong>Armando Cortalezzi<\/strong>; la intendente local,&nbsp;<strong>Alejandra Rodr\u00edguez<\/strong>; el diputado&nbsp;<strong>Javier Noguera<\/strong>; los legisladores&nbsp;<strong>Alejandro Figueroa<\/strong>,&nbsp;<strong>Leopoldo Rodr\u00edguez<\/strong>,&nbsp;<strong>Ger\u00f3nimo Vargas Aignasse<\/strong>,&nbsp;<strong>Patricia Lizarraga<\/strong>,&nbsp;<strong>Marcelo Herrera<\/strong>&nbsp;y&nbsp;<strong>Carlos Gall\u00eda<\/strong>; el prosecretario de la Legislatura,&nbsp;<strong>Alejandro Mart\u00ednez<\/strong>; el titular del Instituto Provincial de la Vivienda (IPV),&nbsp;<strong>Hugo Cabral<\/strong>; los intendentes&nbsp;<strong>Elvio Salazar<\/strong>&nbsp;(Simoca),&nbsp;<strong>Francisco Caliva<\/strong>&nbsp;(Taf\u00ed del Valle),&nbsp;<strong>Francisco Serra&nbsp;<\/strong>(Monteros), y concejales del municipio.<\/p>\n\n\n\n<p>La actividad incluy\u00f3 la supervisi\u00f3n de obras de pavimentaci\u00f3n en ejecuci\u00f3n en arterias clave del barrio, la inauguraci\u00f3n de nuevos tramos ya finalizados y la presentaci\u00f3n de equipamiento que permitir\u00e1 optimizar los servicios urbanos. Adem\u00e1s, la comitiva recorri\u00f3 un predio que anteriormente funcionaba como basural a cielo abierto y que est\u00e1 siendo recuperado para la instalaci\u00f3n de un destacamento policial y un nuevo punto verde.<\/p>\n\n\n\n<p>Durante su visita, el gobernador Jaldo destac\u00f3 el trabajo territorial sostenido por la gesti\u00f3n provincial: \u201cHoy, como lo hacemos todos los d\u00edas, recorremos cada ciudad del interior, cada comuna rural y tambi\u00e9n la Capital. En Taf\u00ed Viejo venimos una vez m\u00e1s a cumplir, porque cuando nos comprometemos, volvemos y cumplimos\u201d.<\/p>\n\n\n\n<p>En relaci\u00f3n a las obras, remarc\u00f3: \u201cSe est\u00e1 pavimentando una calle principal muy transitada, por donde pasan los colectivos. Donde no hay pavimento hay tierra, y eso afecta la vida diaria de los vecinos. Hoy ese pedido hist\u00f3rico comienza a hacerse realidad, con una obra de casi 10 cuadras que ya supera el 50% de avance\u201d.<\/p>\n\n\n\n<p>Asimismo, puso en valor la recuperaci\u00f3n del espacio intervenido: \u201cSe ha erradicado un basural y se est\u00e1 generando un lugar con alumbrado, caminer\u00eda, un punto verde y un destacamento policial. Esto no solo mejora el entorno urbano, sino que tambi\u00e9n aporta seguridad y tranquilidad a la comunidad\u201d.<\/p>\n\n\n\n<figure class=\"wp-block-image size-large\"><img loading=\"lazy\" decoding=\"async\" width=\"1024\" height=\"683\" src=\"https:\/\/masquenoticiastucuman.com.ar\/wp-content\/uploads\/2026\/04\/260428193612_35861-1024x683.jpeg\" alt=\"\" class=\"wp-image-61578\" srcset=\"https:\/\/masquenoticiastucuman.com.ar\/wp-content\/uploads\/2026\/04\/260428193612_35861-1024x683.jpeg 1024w, https:\/\/masquenoticiastucuman.com.ar\/wp-content\/uploads\/2026\/04\/260428193612_35861-300x200.jpeg 300w, https:\/\/masquenoticiastucuman.com.ar\/wp-content\/uploads\/2026\/04\/260428193612_35861-768x512.jpeg 768w, https:\/\/masquenoticiastucuman.com.ar\/wp-content\/uploads\/2026\/04\/260428193612_35861.jpeg 1032w\" sizes=\"auto, (max-width: 1024px) 100vw, 1024px\" \/><\/figure>\n\n\n\n<p>En ese marco, el mandatario tambi\u00e9n encabez\u00f3 la entrega de tres nuevos camiones recolectores: \u201cEstas unidades van a mejorar sustancialmente el servicio de recolecci\u00f3n en toda la ciudad, permitiendo optimizar recorridos y brindar una mejor respuesta a los vecinos\u201d.&nbsp;<\/p>\n\n\n\n<p>Jaldo subray\u00f3 adem\u00e1s el esfuerzo de la provincia para sostener la obra p\u00fablica: \u201cEn un contexto nacional complejo, en Tucum\u00e1n las obras no se detienen. Esto es posible gracias a una administraci\u00f3n ordenada. Pagamos sueldos en tiempo y forma, atendemos recomposiciones salariales y, al mismo tiempo, realizamos obras, incorporamos equipamiento y llevamos adelante pol\u00edticas sociales\u201d.<\/p>\n\n\n\n<p>Y concluy\u00f3: \u201cTrabajamos en equipo, y por eso logramos resultados concretos. Hoy no venimos a prometer, venimos a cumplir con obras que mejoran la calidad de vida de los vecinos\u201d.<\/p>\n\n\n\n<p>Por su parte, el vicegobernador Miguel Acevedo destac\u00f3 el enfoque integral de las intervenciones: \u201cHay un gran trabajo en materia ambiental, con separaci\u00f3n de residuos, reciclaje y un nuevo punto verde en una zona lim\u00edtrofe que requer\u00eda atenci\u00f3n. Adem\u00e1s, en Tucum\u00e1n la obra p\u00fablica no se detiene, y eso es fruto de una gesti\u00f3n responsable\u201d.<\/p>\n\n\n\n<p>La intendente Alejandra Rodr\u00edguez valor\u00f3 el acompa\u00f1amiento del Gobierno provincial y el impacto de las obras: \u201cHoy es un d\u00eda de alegr\u00eda para los vecinos de Lomas de Taf\u00ed. Inauguramos los primeros 400 metros de pavimento y avanzamos con un destacamento policial en un lugar donde antes hab\u00eda un basural. Tambi\u00e9n sumamos un nuevo punto verde y recibimos tres camiones que refuerzan el servicio de recolecci\u00f3n\u201d.<\/p>\n\n\n\n<p>En la misma l\u00ednea, el diputado Javier Noguera expres\u00f3: \u201cEs reconfortante ver c\u00f3mo Taf\u00ed Viejo sigue avanzando. Estas obras y la incorporaci\u00f3n de equipamiento mejoran directamente la vida de nuestros vecinos y reflejan una gesti\u00f3n que no se detiene\u201d.<\/p>\n\n\n\n<p>A su turno, el ministro de Seguridad, Eugenio Ag\u00fcero Gamboa, destac\u00f3 la importancia estrat\u00e9gica del nuevo destacamento: \u201cEste puesto permitir\u00e1 reforzar los controles en un acceso clave entre Taf\u00ed Viejo y la Capital, formando parte del anillo de seguridad que venimos desarrollando con trabajo conjunto entre provincia y municipio\u201d.<\/p>\n","protected":false},"excerpt":{"rendered":"<p>El barrio contar\u00e1 pr\u00f3ximamente con un nuevo destacamento policial y un punto verde. Los veh\u00edculos&#8230;<\/p>\n","protected":false},"author":2,"featured_media":61579,"comment_status":"open","ping_status":"open","sticky":false,"template":"","format":"standard","meta":{"footnotes":""},"categories":[2],"tags":[],"class_list":["post-61577","post","type-post","status-publish","format-standard","has-post-thumbnail","hentry","category-locales"],"_links":{"self":[{"href":"https:\/\/masquenoticiastucuman.com.ar\/index.php?rest_route=\/wp\/v2\/posts\/61577","targetHints":{"allow":["GET"]}}],"collection":[{"href":"https:\/\/masquenoticiastucuman.com.ar\/index.php?rest_route=\/wp\/v2\/posts"}],"about":[{"href":"https:\/\/masquenoticiastucuman.com.ar\/index.php?rest_route=\/wp\/v2\/types\/post"}],"author":[{"embeddable":true,"href":"https:\/\/masquenoticiastucuman.com.ar\/index.php?rest_route=\/wp\/v2\/users\/2"}],"replies":[{"embeddable":true,"href":"https:\/\/masquenoticiastucuman.com.ar\/index.php?rest_route=%2Fwp%2Fv2%2Fcomments&post=61577"}],"version-history":[{"count":1,"href":"https:\/\/masquenoticiastucuman.com.ar\/index.php?rest_route=\/wp\/v2\/posts\/61577\/revisions"}],"predecessor-version":[{"id":61580,"href":"https:\/\/masquenoticiastucuman.com.ar\/index.php?rest_route=\/wp\/v2\/posts\/61577\/revisions\/61580"}],"wp:featuredmedia":[{"embeddable":true,"href":"https:\/\/masquenoticiastucuman.com.ar\/index.php?rest_route=\/wp\/v2\/media\/61579"}],"wp:attachment":[{"href":"https:\/\/masquenoticiastucuman.com.ar\/index.php?rest_route=%2Fwp%2Fv2%2Fmedia&parent=61577"}],"wp:term":[{"taxonomy":"category","embeddable":true,"href":"https:\/\/masquenoticiastucuman.com.ar\/index.php?rest_route=%2Fwp%2Fv2%2Fcategories&post=61577"},{"taxonomy":"post_tag","embeddable":true,"href":"https:\/\/masquenoticiastucuman.com.ar\/index.php?rest_route=%2Fwp%2Fv2%2Ftags&post=61577"}],"curies":[{"name":"wp","href":"https:\/\/api.w.org\/{rel}","templated":true}]}}