{"id":61585,"date":"2026-04-29T09:27:08","date_gmt":"2026-04-29T12:27:08","guid":{"rendered":"https:\/\/masquenoticiastucuman.com.ar\/?p=61585"},"modified":"2026-04-29T09:27:09","modified_gmt":"2026-04-29T12:27:09","slug":"termas-de-rio-hondo-presento-en-tucuman-su-maraton-gastronomica-y-el-lanzamiento-de-la-temporada-invernal","status":"publish","type":"post","link":"https:\/\/masquenoticiastucuman.com.ar\/?p=61585","title":{"rendered":"Termas de R\u00edo Hondo present\u00f3 en Tucum\u00e1n su Marat\u00f3n Gastron\u00f3mica y el lanzamiento de la temporada invernal"},"content":{"rendered":"\n<p>Ambos eventos ser\u00e1n gratuitos y buscan consolidar la excelente relaci\u00f3n tur\u00edstica entre nuestra provincia y Santiago del Estero.<\/p>\n\n\n\n<p>En el Ente Tucum\u00e1n Turismo (ETT) se realiz\u00f3 la presentaci\u00f3n oficial de dos importantes propuestas del municipio de Termas de R\u00edo Hondo: la primera edici\u00f3n de la&nbsp;<strong>Marat\u00f3n Gastron\u00f3mica<\/strong>, que se celebrar\u00e1 el pr\u00f3ximo 1 de mayo, y el&nbsp;<strong>lanzamiento de la temporada invernal<\/strong>, previsto para el 9 de mayo desde las 20.<\/p>\n\n\n\n<p>La conferencia de prensa fue encabezada por la vicepresidenta del ETT,&nbsp;<strong>In\u00e9s Fr\u00edas Silva<\/strong>; la secretaria municipal de Turismo, Cultura y Deporte de Termas de R\u00edo Hondo,&nbsp;<strong>Vilma D\u00edaz<\/strong>; y el empresario gastron\u00f3mico&nbsp;<strong>Carlos Rub\u00e9n Ruiz<\/strong>. Anteriormente, la delegaci\u00f3n santiague\u00f1a fue recibida en el despacho del presidente de la instituci\u00f3n,&nbsp;<strong>Domingo Amaya<\/strong>.<\/p>\n\n\n\n<p>Durante la rueda de prensa, las autoridades destacaron la importancia de&nbsp;<strong>continuar fortaleciendo los v\u00ednculos regionales y promover propuestas conjuntas que incentiven el movimiento tur\u00edstico entre provincias vecinas.&nbsp;<\/strong>En este marco, se invit\u00f3 especialmente al p\u00fablico tucumano a participar de ambas iniciativas, teniendo en cuenta que se trata de uno de los principales mercados emisivos hacia el destino santiague\u00f1o.<\/p>\n\n\n\n<p>La Marat\u00f3n Gastron\u00f3mica, que se realizar\u00e1 el D\u00eda del Trabajador, propone una experiencia que pondr\u00e1 en valor la variada oferta culinaria de la ciudad, con la participaci\u00f3n de numerosos establecimientos locales. La actividad busca posicionar a la gastronom\u00eda como uno de los pilares de la identidad tur\u00edstica de Termas, complementando su tradicional perfil termal.<\/p>\n\n\n\n<p>Por su parte, el lanzamiento de la temporada invernal contar\u00e1 con una destacada grilla art\u00edstica, entre ellos la presentaci\u00f3n de la reconocida banda Los Abuelos de la Nada, en un evento pensado para dar inicio a una de las etapas m\u00e1s importantes del a\u00f1o para el destino.<\/p>\n\n\n\n<p>\u201cTucum\u00e1n y Santiago del Estero son dos aliados estrat\u00e9gicos por eso cada vez que podemos establecer esta sinergia de trabajo lo hacemos, es esencial para las industrias tur\u00edsticas de ambas provincias\u201d, dijo Fr\u00edas Silva.&nbsp;<\/p>\n\n\n\n<p>\u201cVenimos a contarles dos actividades muy importantes para nuestra ciudad e invitarlos a que nos acompa\u00f1en. Termas es un destino con una vasta historia en el pa\u00eds, con propuestas para toda la familia, donde se puede disfrutar de la gastronom\u00eda, el bienestar en los spa y todos los servicios tur\u00edsticos\u201d, expres\u00f3 D\u00edaz.<\/p>\n\n\n\n<p>Asimismo, la funcionaria remarc\u00f3 la importancia del p\u00fablico tucumano para el destino: \u201cEs nuestro mercado n\u00famero uno, por eso siempre los tenemos presentes en cada acci\u00f3n de promoci\u00f3n y los invitamos a que nos visiten y disfruten de todo lo que Termas tiene para ofrecer\u201d.<\/p>\n\n\n\n<p>En ese sentido, se destac\u00f3 que la ciudad cuenta con una amplia variedad de opciones para todos los presupuestos, desde hoteles cinco estrellas hasta alternativas m\u00e1s accesibles como campings, adem\u00e1s de m\u00e1s de setenta establecimientos gastron\u00f3micos, pe\u00f1as y espacios recreativos, muchos de ellos con actividades gratuitas impulsadas por el municipio y el sector privado.&nbsp;<\/p>\n\n\n\n<p>\u201cMi emprendimiento, que se llama La Casa de Rub\u00e9n, tiene 35 a\u00f1os de trayectoria. Nuestra calidad gastron\u00f3mica es una bandera: nuestros cabritos al asador que enloquecen a los visitantes y en especial a los tucumanos. Los invitamos especialmente a ellos porque ser\u00e1 todo con shows 100% gratuitos, una oportunidad para encontrarnos y disfrutar\u201d, cerr\u00f3 Ruiz.<\/p>\n","protected":false},"excerpt":{"rendered":"<p>Ambos eventos ser\u00e1n gratuitos y buscan consolidar la excelente relaci\u00f3n tur\u00edstica entre nuestra provincia y&#8230;<\/p>\n","protected":false},"author":2,"featured_media":61586,"comment_status":"open","ping_status":"open","sticky":false,"template":"","format":"standard","meta":{"footnotes":""},"categories":[2],"tags":[],"class_list":["post-61585","post","type-post","status-publish","format-standard","has-post-thumbnail","hentry","category-locales"],"_links":{"self":[{"href":"https:\/\/masquenoticiastucuman.com.ar\/index.php?rest_route=\/wp\/v2\/posts\/61585","targetHints":{"allow":["GET"]}}],"collection":[{"href":"https:\/\/masquenoticiastucuman.com.ar\/index.php?rest_route=\/wp\/v2\/posts"}],"about":[{"href":"https:\/\/masquenoticiastucuman.com.ar\/index.php?rest_route=\/wp\/v2\/types\/post"}],"author":[{"embeddable":true,"href":"https:\/\/masquenoticiastucuman.com.ar\/index.php?rest_route=\/wp\/v2\/users\/2"}],"replies":[{"embeddable":true,"href":"https:\/\/masquenoticiastucuman.com.ar\/index.php?rest_route=%2Fwp%2Fv2%2Fcomments&post=61585"}],"version-history":[{"count":1,"href":"https:\/\/masquenoticiastucuman.com.ar\/index.php?rest_route=\/wp\/v2\/posts\/61585\/revisions"}],"predecessor-version":[{"id":61587,"href":"https:\/\/masquenoticiastucuman.com.ar\/index.php?rest_route=\/wp\/v2\/posts\/61585\/revisions\/61587"}],"wp:featuredmedia":[{"embeddable":true,"href":"https:\/\/masquenoticiastucuman.com.ar\/index.php?rest_route=\/wp\/v2\/media\/61586"}],"wp:attachment":[{"href":"https:\/\/masquenoticiastucuman.com.ar\/index.php?rest_route=%2Fwp%2Fv2%2Fmedia&parent=61585"}],"wp:term":[{"taxonomy":"category","embeddable":true,"href":"https:\/\/masquenoticiastucuman.com.ar\/index.php?rest_route=%2Fwp%2Fv2%2Fcategories&post=61585"},{"taxonomy":"post_tag","embeddable":true,"href":"https:\/\/masquenoticiastucuman.com.ar\/index.php?rest_route=%2Fwp%2Fv2%2Ftags&post=61585"}],"curies":[{"name":"wp","href":"https:\/\/api.w.org\/{rel}","templated":true}]}}