{"id":61588,"date":"2026-04-29T07:40:13","date_gmt":"2026-04-29T10:40:13","guid":{"rendered":"http:\/\/masquenoticiastucuman.com.ar\/?p=61588"},"modified":"2026-04-29T07:40:13","modified_gmt":"2026-04-29T10:40:13","slug":"europa-acorrala-a-meta-detecto-que-el-12-de-los-menores-de-13-anos-usa-facebook-e-instagram-y-amenaza-con-multas-millonarias","status":"publish","type":"post","link":"https:\/\/masquenoticiastucuman.com.ar\/?p=61588","title":{"rendered":"Europa acorrala a Meta: detect\u00f3 que el 12% de los menores de 13 a\u00f1os usa Facebook e Instagram y amenaza con multas millonarias"},"content":{"rendered":"<ul>\n<li>La Comisi\u00f3n Europea asegura que el gigante tecnol\u00f3gico no controla qui\u00e9nes usan las redes sociales.<\/li>\n<li>Bruselas sostiene que la empresa viola las leyes europeas y analiza posibles multas.<\/li>\n<\/ul>\n<p>\u200bLa Comisi\u00f3n Europea asegura que el gigante tecnol\u00f3gico no controla qui\u00e9nes usan las redes sociales.Bruselas sostiene que la empresa viola las leyes europeas y analiza posibles multas.\u00a0<a href=\"https:\/\/www.clarin.com\/mundo\/europa-acorrala-meta-detecto-12-menores-13-anos-usa-facebook-instagram-amenaza-multas-millonarias_0_7g9X0gaazZ.html\" target=\"_blank\" class=\"feedzy-rss-link-icon\">Read More<\/a><\/p>","protected":false},"excerpt":{"rendered":"<p>La Comisi\u00f3n Europea asegura que el gigante tecnol\u00f3gico no controla qui\u00e9nes usan las redes sociales&#8230;.<\/p>\n","protected":false},"author":1,"featured_media":61589,"comment_status":"open","ping_status":"open","sticky":false,"template":"","format":"standard","meta":{"footnotes":""},"categories":[4],"tags":[],"class_list":["post-61588","post","type-post","status-publish","format-standard","has-post-thumbnail","hentry","category-internacionales"],"_links":{"self":[{"href":"https:\/\/masquenoticiastucuman.com.ar\/index.php?rest_route=\/wp\/v2\/posts\/61588","targetHints":{"allow":["GET"]}}],"collection":[{"href":"https:\/\/masquenoticiastucuman.com.ar\/index.php?rest_route=\/wp\/v2\/posts"}],"about":[{"href":"https:\/\/masquenoticiastucuman.com.ar\/index.php?rest_route=\/wp\/v2\/types\/post"}],"author":[{"embeddable":true,"href":"https:\/\/masquenoticiastucuman.com.ar\/index.php?rest_route=\/wp\/v2\/users\/1"}],"replies":[{"embeddable":true,"href":"https:\/\/masquenoticiastucuman.com.ar\/index.php?rest_route=%2Fwp%2Fv2%2Fcomments&post=61588"}],"version-history":[{"count":0,"href":"https:\/\/masquenoticiastucuman.com.ar\/index.php?rest_route=\/wp\/v2\/posts\/61588\/revisions"}],"wp:featuredmedia":[{"embeddable":true,"href":"https:\/\/masquenoticiastucuman.com.ar\/index.php?rest_route=\/wp\/v2\/media\/61589"}],"wp:attachment":[{"href":"https:\/\/masquenoticiastucuman.com.ar\/index.php?rest_route=%2Fwp%2Fv2%2Fmedia&parent=61588"}],"wp:term":[{"taxonomy":"category","embeddable":true,"href":"https:\/\/masquenoticiastucuman.com.ar\/index.php?rest_route=%2Fwp%2Fv2%2Fcategories&post=61588"},{"taxonomy":"post_tag","embeddable":true,"href":"https:\/\/masquenoticiastucuman.com.ar\/index.php?rest_route=%2Fwp%2Fv2%2Ftags&post=61588"}],"curies":[{"name":"wp","href":"https:\/\/api.w.org\/{rel}","templated":true}]}}