{"id":61590,"date":"2026-04-29T07:36:00","date_gmt":"2026-04-29T10:36:00","guid":{"rendered":"http:\/\/masquenoticiastucuman.com.ar\/?p=61590"},"modified":"2026-04-29T07:36:00","modified_gmt":"2026-04-29T10:36:00","slug":"guerra-entre-estados-unidos-israel-e-iran-en-vivo-trump-insiste-en-que-se-acabo-el-senor-bueno-y-fusil-en-mano-le-exige-a-teheran-espabilar-para-llegar-a-un-acuerdo","status":"publish","type":"post","link":"https:\/\/masquenoticiastucuman.com.ar\/?p=61590","title":{"rendered":"Guerra entre Estados Unidos, Israel e Ir\u00e1n, EN VIVO: Trump insiste en que se acab\u00f3 el &#8220;se\u00f1or Bueno&#8221; y, fusil en mano, le exige a Teher\u00e1n &#8220;espabilar&#8221; para llegar a un acuerdo"},"content":{"rendered":"<ul>\n<li>El presidente de los Estados Unidos subi\u00f3 una imagen de IA para reiterar la exigencia de que Ir\u00e1n renuncie a sus aspiraciones nucleares.<\/li>\n<li>Mientras tanto, siguen estancadas las negociaciones para un acuerdo de paz.<\/li>\n<li>Todas las novedades del conflicto en Medio Oriente de este mi\u00e9rcoles 29 de abril, minuto a minuto.<\/li>\n<\/ul>\n<p>\u200bEl presidente de los Estados Unidos subi\u00f3 una imagen de IA para reiterar la exigencia de que Ir\u00e1n renuncie a sus aspiraciones nucleares.Mientras tanto, siguen estancadas las negociaciones para un acuerdo de paz.Todas las novedades del conflicto en Medio Oriente de este mi\u00e9rcoles 29 de abril, minuto a minuto.\u00a0<a href=\"https:\/\/www.clarin.com\/mundo\/guerra-estados-unidos-israel-iran-vivo-trump-insiste-acabo-senor-bueno-fusil-mano-exige-teheran-espabilar-llegar-acuerdo_0_wxRR2PIwel.html\" target=\"_blank\" class=\"feedzy-rss-link-icon\">Read More<\/a><\/p>","protected":false},"excerpt":{"rendered":"<p>El presidente de los Estados Unidos subi\u00f3 una imagen de IA para reiterar la exigencia&#8230;<\/p>\n","protected":false},"author":1,"featured_media":61591,"comment_status":"open","ping_status":"open","sticky":false,"template":"","format":"standard","meta":{"footnotes":""},"categories":[4],"tags":[],"class_list":["post-61590","post","type-post","status-publish","format-standard","has-post-thumbnail","hentry","category-internacionales"],"_links":{"self":[{"href":"https:\/\/masquenoticiastucuman.com.ar\/index.php?rest_route=\/wp\/v2\/posts\/61590","targetHints":{"allow":["GET"]}}],"collection":[{"href":"https:\/\/masquenoticiastucuman.com.ar\/index.php?rest_route=\/wp\/v2\/posts"}],"about":[{"href":"https:\/\/masquenoticiastucuman.com.ar\/index.php?rest_route=\/wp\/v2\/types\/post"}],"author":[{"embeddable":true,"href":"https:\/\/masquenoticiastucuman.com.ar\/index.php?rest_route=\/wp\/v2\/users\/1"}],"replies":[{"embeddable":true,"href":"https:\/\/masquenoticiastucuman.com.ar\/index.php?rest_route=%2Fwp%2Fv2%2Fcomments&post=61590"}],"version-history":[{"count":0,"href":"https:\/\/masquenoticiastucuman.com.ar\/index.php?rest_route=\/wp\/v2\/posts\/61590\/revisions"}],"wp:featuredmedia":[{"embeddable":true,"href":"https:\/\/masquenoticiastucuman.com.ar\/index.php?rest_route=\/wp\/v2\/media\/61591"}],"wp:attachment":[{"href":"https:\/\/masquenoticiastucuman.com.ar\/index.php?rest_route=%2Fwp%2Fv2%2Fmedia&parent=61590"}],"wp:term":[{"taxonomy":"category","embeddable":true,"href":"https:\/\/masquenoticiastucuman.com.ar\/index.php?rest_route=%2Fwp%2Fv2%2Fcategories&post=61590"},{"taxonomy":"post_tag","embeddable":true,"href":"https:\/\/masquenoticiastucuman.com.ar\/index.php?rest_route=%2Fwp%2Fv2%2Ftags&post=61590"}],"curies":[{"name":"wp","href":"https:\/\/api.w.org\/{rel}","templated":true}]}}