{"id":61592,"date":"2026-04-29T08:27:17","date_gmt":"2026-04-29T11:27:17","guid":{"rendered":"http:\/\/masquenoticiastucuman.com.ar\/?p=61592"},"modified":"2026-04-29T08:27:17","modified_gmt":"2026-04-29T11:27:17","slug":"patti-smith-fue-galardonada-con-el-premio-princesa-de-asturias-de-las-artes-2026","status":"publish","type":"post","link":"https:\/\/masquenoticiastucuman.com.ar\/?p=61592","title":{"rendered":"Patti Smith fue galardonada con el Premio Princesa de Asturias de las Artes 2026"},"content":{"rendered":"<ul>\n<li>El jurado consider\u00f3 que la artista y precursora del punk &#8220;conecta el rock, la poes\u00eda simbolista y el esp\u00edritu de la contracultura con una gran potencia expresiva&#8221;.<\/li>\n<\/ul>\n<p>\u200bEl jurado consider\u00f3 que la artista y precursora del punk &#8220;conecta el rock, la poes\u00eda simbolista y el esp\u00edritu de la contracultura con una gran potencia expresiva&#8221;.\u00a0<a href=\"https:\/\/www.clarin.com\/cultura\/patti-smith-galardonada-premio-princesa-asturias-artes-2026_0_MiT6xujFXv.html\" target=\"_blank\" class=\"feedzy-rss-link-icon\">Read More<\/a><\/p>","protected":false},"excerpt":{"rendered":"<p>El jurado consider\u00f3 que la artista y precursora del punk &#8220;conecta el rock, la poes\u00eda&#8230;<\/p>\n","protected":false},"author":1,"featured_media":0,"comment_status":"open","ping_status":"open","sticky":false,"template":"","format":"standard","meta":{"footnotes":""},"categories":[5],"tags":[],"class_list":["post-61592","post","type-post","status-publish","format-standard","has-post-thumbnail","hentry","category-espectaculo"],"_links":{"self":[{"href":"https:\/\/masquenoticiastucuman.com.ar\/index.php?rest_route=\/wp\/v2\/posts\/61592","targetHints":{"allow":["GET"]}}],"collection":[{"href":"https:\/\/masquenoticiastucuman.com.ar\/index.php?rest_route=\/wp\/v2\/posts"}],"about":[{"href":"https:\/\/masquenoticiastucuman.com.ar\/index.php?rest_route=\/wp\/v2\/types\/post"}],"author":[{"embeddable":true,"href":"https:\/\/masquenoticiastucuman.com.ar\/index.php?rest_route=\/wp\/v2\/users\/1"}],"replies":[{"embeddable":true,"href":"https:\/\/masquenoticiastucuman.com.ar\/index.php?rest_route=%2Fwp%2Fv2%2Fcomments&post=61592"}],"version-history":[{"count":0,"href":"https:\/\/masquenoticiastucuman.com.ar\/index.php?rest_route=\/wp\/v2\/posts\/61592\/revisions"}],"wp:attachment":[{"href":"https:\/\/masquenoticiastucuman.com.ar\/index.php?rest_route=%2Fwp%2Fv2%2Fmedia&parent=61592"}],"wp:term":[{"taxonomy":"category","embeddable":true,"href":"https:\/\/masquenoticiastucuman.com.ar\/index.php?rest_route=%2Fwp%2Fv2%2Fcategories&post=61592"},{"taxonomy":"post_tag","embeddable":true,"href":"https:\/\/masquenoticiastucuman.com.ar\/index.php?rest_route=%2Fwp%2Fv2%2Ftags&post=61592"}],"curies":[{"name":"wp","href":"https:\/\/api.w.org\/{rel}","templated":true}]}}