{"id":61593,"date":"2026-04-29T10:16:37","date_gmt":"2026-04-29T13:16:37","guid":{"rendered":"https:\/\/masquenoticiastucuman.com.ar\/?p=61593"},"modified":"2026-04-29T10:16:38","modified_gmt":"2026-04-29T13:16:38","slug":"jaldo-entrego-motos-e-insumos-tecnologicos-para-reforzar-la-seguridad","status":"publish","type":"post","link":"https:\/\/masquenoticiastucuman.com.ar\/?p=61593","title":{"rendered":"Jaldo entreg\u00f3 motos e insumos tecnol\u00f3gicos para reforzar la seguridad"},"content":{"rendered":"\n<p>El titular del PE explic\u00f3 que parte del equipamiento entregado fue adquirido con recursos provenientes del sistema de servicios adicionales, reorganizado mediante una ley provincial.<\/p>\n\n\n\n<p id=\"isPasted\">El gobernador<strong>&nbsp;Osvaldo Jaldo<\/strong>&nbsp;encabez\u00f3 esta ma\u00f1ana en Plaza Independencia un acto de entrega de equipamiento vehicular e insumos tecnol\u00f3gicos destinados a la Polic\u00eda de Tucum\u00e1n. La incorporaci\u00f3n incluy\u00f3 motocicletas, bicicletas, camionetas e impresoras para distintas \u00e1reas operativas y administrativas de la fuerza.<\/p>\n\n\n\n<p>Acompa\u00f1an al titular del Ejecutivo provincial el vicegobernador&nbsp;<strong>Miguel Angel Acevedo, el presidente del Concejo Deliberante capitalino, Fernando Juri, los ministros de Seguridad, Eugenio Ag\u00fcero Gamboa, de Gobierno y Justicia, Regino Amado, de Interior, Dar\u00edo Monteros, de Obras P\u00fablicas, Marcelo Nazur, de Desarrollo Social, Federico Masso, la Fiscal de Estado, Gilda Pedicone, el secretario general de la Gobernaci\u00f3n, Federico Nazur, los parlamentarios Ger\u00f3nimo Vargas Aignasse, Leopoldo Rodr\u00edguez, Roberto Moreno y Carlos Najar, el jefe de la Polic\u00eda, Joaqu\u00edn Girvau y el subjefe Roque Y\u00f1igo, el Director de Institutos Penales, Antonio Quinteros, representantes del Ministerio P\u00fablico Fiscal y Pupilar y de la Defensa, el intendente de Trancas, Antonio Moreno<\/strong>, entre otros.<\/p>\n\n\n\n<figure class=\"wp-block-image size-large\"><img loading=\"lazy\" decoding=\"async\" width=\"1024\" height=\"682\" src=\"https:\/\/masquenoticiastucuman.com.ar\/wp-content\/uploads\/2026\/04\/260429094510_16932-1024x682.jpeg\" alt=\"\" class=\"wp-image-61594\" srcset=\"https:\/\/masquenoticiastucuman.com.ar\/wp-content\/uploads\/2026\/04\/260429094510_16932-1024x682.jpeg 1024w, https:\/\/masquenoticiastucuman.com.ar\/wp-content\/uploads\/2026\/04\/260429094510_16932-300x200.jpeg 300w, https:\/\/masquenoticiastucuman.com.ar\/wp-content\/uploads\/2026\/04\/260429094510_16932-768x512.jpeg 768w, https:\/\/masquenoticiastucuman.com.ar\/wp-content\/uploads\/2026\/04\/260429094510_16932.jpeg 1280w\" sizes=\"auto, (max-width: 1024px) 100vw, 1024px\" \/><\/figure>\n\n\n\n<p>Durante la actividad, el Gobierno provincial concret\u00f3 la entrega de&nbsp;<strong>10 motocicletas Honda Tornado para la Direcci\u00f3n General de Investigaci\u00f3n Criminal y Delitos Complejos; 32 motos Kawasaki 650 para la Direcci\u00f3n de Operaciones Motorizada; 18 bicicletas rodado 29 para la Direcci\u00f3n de Prevenci\u00f3n Ciudadana; dos camionetas acondicionadas para Fuerzas Especiales; y dos impresoras de \u00faltima generaci\u00f3n para el Departamento Personal.<\/strong><\/p>\n\n\n\n<p>La inversi\u00f3n se enmarc\u00f3 en el proceso de modernizaci\u00f3n y fortalecimiento institucional impulsado por la Provincia para mejorar la capacidad de respuesta ante el delito.<\/p>\n\n\n\n<h3 class=\"wp-block-heading\">Resultados concretos<\/h3>\n\n\n\n<blockquote class=\"wp-block-quote is-layout-flow wp-block-quote-is-layout-flow\">\n<p>El gobernador remarc\u00f3 que la pol\u00edtica de seguridad fue definida desde el inicio de la gesti\u00f3n junto con una estrategia penitenciaria integral. En ese sentido, expres\u00f3: \u201cDesde el primer d\u00eda fijamos pol\u00edtica en materia de salud, pol\u00edtica, educativa, en el \u00e1rea social para estar a la par de los que menos tienen y m\u00e1s necesitan, y hemos fijado una pol\u00edtica muy especial, muy profunda en materia de seguridad, pero como nunca en gestiones anteriores, una pol\u00edtica de seguridad acompa\u00f1ada por una pol\u00edtica carcelaria. Y no me canso de repetir, no puede haber pol\u00edtica de seguridad si no hay una pol\u00edtica carcelaria\u201d.<\/p>\n<\/blockquote>\n\n\n\n<figure class=\"wp-block-image size-large\"><img loading=\"lazy\" decoding=\"async\" width=\"1024\" height=\"629\" src=\"https:\/\/masquenoticiastucuman.com.ar\/wp-content\/uploads\/2026\/04\/260429094525_41436-1024x629.jpeg\" alt=\"\" class=\"wp-image-61596\" srcset=\"https:\/\/masquenoticiastucuman.com.ar\/wp-content\/uploads\/2026\/04\/260429094525_41436-1024x629.jpeg 1024w, https:\/\/masquenoticiastucuman.com.ar\/wp-content\/uploads\/2026\/04\/260429094525_41436-300x184.jpeg 300w, https:\/\/masquenoticiastucuman.com.ar\/wp-content\/uploads\/2026\/04\/260429094525_41436-768x472.jpeg 768w, https:\/\/masquenoticiastucuman.com.ar\/wp-content\/uploads\/2026\/04\/260429094525_41436.jpeg 1469w\" sizes=\"auto, (max-width: 1024px) 100vw, 1024px\" \/><\/figure>\n\n\n\n<p>El mandatario sostuvo adem\u00e1s que, tras m\u00e1s de dos a\u00f1os de gesti\u00f3n, los lineamientos trazados comenzaron a mostrar resultados visibles. \u201cHoy ya, casi llevando dos a\u00f1os y algunos meses de gobierno, podemos mostrar hechos concretos que planificamos y concretamos con el esfuerzo de todo lo que estamos ac\u00e1 y, fundamentalmente, el acompa\u00f1amiento de este querido pueblo tucumano\u201d.<\/p>\n\n\n\n<h3 class=\"wp-block-heading\">Transparencia en los fondos policiales<\/h3>\n\n\n\n<p>Jaldo explic\u00f3 que parte del equipamiento entregado fue adquirido con recursos provenientes del sistema de servicios adicionales, reorganizado mediante una ley provincial.<\/p>\n\n\n\n<p>Al referirse a esa decisi\u00f3n administrativa, se\u00f1al\u00f3: \u201cLe pusimos transparencia al funcionamiento de la polic\u00eda. El equipamiento que hoy se est\u00e1 entregando oficialmente a la polic\u00eda es producto de una ley, de una ley que puso en orden algo que ven\u00eda con mucho desorden\u201d.<\/p>\n\n\n\n<p>Luego agreg\u00f3: \u201cLa ley es muy clara, est\u00e1 destinado al reequipamiento de la polic\u00eda de la provincia de Tucum\u00e1n. Tambi\u00e9n hablamos de seguir beneficiando a la fuerza, de seguir ayudando a que presten los servicios como corresponde\u201d.<\/p>\n\n\n\n<h3 class=\"wp-block-heading\">Reconocimiento al trabajo de la fuerza<\/h3>\n\n\n\n<p>El titular del Poder Ejecutivo valor\u00f3 la tarea diaria de los efectivos y asegur\u00f3 que la seguridad mejor\u00f3 en todo el territorio provincial.<\/p>\n\n\n\n<p>En ese marco, afirm\u00f3: \u201cHoy nadie puede dudar en la provincia de Tucum\u00e1n que la seguridad mejor\u00f3 sustancialmente en la provincia y en cada rinc\u00f3n del territorio de nuestra querida Tucum\u00e1n\u201d.<\/p>\n\n\n\n<p>Tambi\u00e9n destac\u00f3 el v\u00ednculo recuperado entre la instituci\u00f3n y la comunidad. \u201cHoy nos sentimos orgullosos de nuestra polic\u00eda, nos sentimos orgullosos de los hombres y mujeres que prestan servicio. Hemos ganado el respeto de la comunidad\u201d.<\/p>\n\n\n\n<h3 class=\"wp-block-heading\">Narcotr\u00e1fico y Operativo Lapacho<\/h3>\n\n\n\n<p>Jaldo indic\u00f3 que una de las principales preocupaciones actuales es la lucha contra el narcotr\u00e1fico y el narcomenudeo, problem\u00e1tica que requiere coordinaci\u00f3n entre jurisdicciones.<\/p>\n\n\n\n<p>Sobre ese punto, explic\u00f3: \u201cNo nos hemos desentendido del problema. Al contrario, hemos creado el Operativo Lapacho, integrado por fuerzas provinciales y nacionales, para cubrir la frontera norte de la provincia de Tucum\u00e1n y todas las rutas por donde transitan aquellos que est\u00e1n llevando sustancias t\u00f3xicas desde el norte al centro y sur del pa\u00eds\u201d<\/p>\n\n\n\n<figure class=\"wp-block-image size-full\"><img loading=\"lazy\" decoding=\"async\" width=\"730\" height=\"473\" src=\"https:\/\/masquenoticiastucuman.com.ar\/wp-content\/uploads\/2026\/04\/730x473_260429094325_14384-1.jpeg\" alt=\"\" class=\"wp-image-61597\" srcset=\"https:\/\/masquenoticiastucuman.com.ar\/wp-content\/uploads\/2026\/04\/730x473_260429094325_14384-1.jpeg 730w, https:\/\/masquenoticiastucuman.com.ar\/wp-content\/uploads\/2026\/04\/730x473_260429094325_14384-1-300x194.jpeg 300w\" sizes=\"auto, (max-width: 730px) 100vw, 730px\" \/><\/figure>\n\n\n\n<p>D\u00eda Hist\u00f3rico<br>Por su parte, el jefe de Polic\u00eda, Joaqu\u00edn Girvau, resalt\u00f3 el compromiso del personal y el avance del nuevo esquema operativo implementado desde 2023.<\/p>\n\n\n\n<p>En ese sentido, manifest\u00f3: \u201cHoy, se\u00f1or gobernador, podemos decir que es un d\u00eda hist\u00f3rico para la Polic\u00eda de Tucum\u00e1n. Podemos decir que estamos cumpliendo metas que nos propusimos con el subjefe de polic\u00eda y esta plana mayor. Creo que lo estamos logrando, nos falta, por supuesto que nos falta\u201d.<\/p>\n\n\n\n<p>Asimismo, explic\u00f3 que los fondos generados por adicionales fueron reinvertidos en equipamiento. \u201cTuvimos la visi\u00f3n, junto al Ministerio de Seguridad, de invertir lo que ingresa por polic\u00eda adicional en la polic\u00eda. Y as\u00ed lo hicimos desde el a\u00f1o 2024 y tambi\u00e9n en 2025\u201d.<\/p>\n\n\n\n<p>Inversi\u00f3n sostenida y continuidad<br>El titular de la fuerza remarc\u00f3 que la prioridad fue incorporar recursos de calidad para mejorar la tarea preventiva.<\/p>\n\n\n\n<p>\u201cSabemos que estamos comprando el mejor equipamiento, la mejor marca. Buscamos calidad, porque capacidad tenemos en la Polic\u00eda de Tucum\u00e1n, porque tenemos los mejores hombres y mujeres que se capacitan d\u00eda a d\u00eda\u201d.<\/p>\n\n\n\n<p>Finalmente, Girvau asegur\u00f3 que continuar\u00e1n las inversiones y el trabajo articulado entre los poderes del Estado, en una estrategia orientada a consolidar la prevenci\u00f3n y fortalecer la seguridad p\u00fablica en toda la provincia.<\/p>\n","protected":false},"excerpt":{"rendered":"<p>El titular del PE explic\u00f3 que parte del equipamiento entregado fue adquirido con recursos provenientes&#8230;<\/p>\n","protected":false},"author":2,"featured_media":61599,"comment_status":"open","ping_status":"open","sticky":false,"template":"","format":"standard","meta":{"footnotes":""},"categories":[2],"tags":[],"class_list":["post-61593","post","type-post","status-publish","format-standard","has-post-thumbnail","hentry","category-locales"],"_links":{"self":[{"href":"https:\/\/masquenoticiastucuman.com.ar\/index.php?rest_route=\/wp\/v2\/posts\/61593","targetHints":{"allow":["GET"]}}],"collection":[{"href":"https:\/\/masquenoticiastucuman.com.ar\/index.php?rest_route=\/wp\/v2\/posts"}],"about":[{"href":"https:\/\/masquenoticiastucuman.com.ar\/index.php?rest_route=\/wp\/v2\/types\/post"}],"author":[{"embeddable":true,"href":"https:\/\/masquenoticiastucuman.com.ar\/index.php?rest_route=\/wp\/v2\/users\/2"}],"replies":[{"embeddable":true,"href":"https:\/\/masquenoticiastucuman.com.ar\/index.php?rest_route=%2Fwp%2Fv2%2Fcomments&post=61593"}],"version-history":[{"count":1,"href":"https:\/\/masquenoticiastucuman.com.ar\/index.php?rest_route=\/wp\/v2\/posts\/61593\/revisions"}],"predecessor-version":[{"id":61600,"href":"https:\/\/masquenoticiastucuman.com.ar\/index.php?rest_route=\/wp\/v2\/posts\/61593\/revisions\/61600"}],"wp:featuredmedia":[{"embeddable":true,"href":"https:\/\/masquenoticiastucuman.com.ar\/index.php?rest_route=\/wp\/v2\/media\/61599"}],"wp:attachment":[{"href":"https:\/\/masquenoticiastucuman.com.ar\/index.php?rest_route=%2Fwp%2Fv2%2Fmedia&parent=61593"}],"wp:term":[{"taxonomy":"category","embeddable":true,"href":"https:\/\/masquenoticiastucuman.com.ar\/index.php?rest_route=%2Fwp%2Fv2%2Fcategories&post=61593"},{"taxonomy":"post_tag","embeddable":true,"href":"https:\/\/masquenoticiastucuman.com.ar\/index.php?rest_route=%2Fwp%2Fv2%2Ftags&post=61593"}],"curies":[{"name":"wp","href":"https:\/\/api.w.org\/{rel}","templated":true}]}}