{"id":61601,"date":"2026-04-29T10:27:16","date_gmt":"2026-04-29T13:27:16","guid":{"rendered":"https:\/\/masquenoticiastucuman.com.ar\/?p=61601"},"modified":"2026-04-29T10:27:16","modified_gmt":"2026-04-29T13:27:16","slug":"asi-funcionaran-los-servicios-municipales-el-1o-de-mayo-por-el-dia-del-trabajador","status":"publish","type":"post","link":"https:\/\/masquenoticiastucuman.com.ar\/?p=61601","title":{"rendered":"As\u00ed funcionar\u00e1n los servicios municipales el 1\u00ba de mayo por el D\u00eda del Trabajador"},"content":{"rendered":"\n<p>Las actividades administrativas y algunos servicios del Municipio capitalino quedar\u00e1n reducidos por el feriado del viernes<\/p>\n\n\n\n<p>La Municipalidad de San Miguel de Tucum\u00e1n dispuso el siguiente esquema de prestaci\u00f3n de servicios para el viernes 1\u00ba de Mayo, feriado por el D\u00eda del Trabajador.<\/p>\n\n\n\n<p><strong>Recolecci\u00f3n de Residuos:<\/strong>&nbsp;no habr\u00e1 recolecci\u00f3n de residuos durante la jornada del viernes.<\/p>\n\n\n\n<p><strong>\u00d3mnibus:&nbsp;<\/strong>el 1\u00ba de mayo circular\u00e1n a partir de las 14 h, con la frecuencia de d\u00edas domingos.<\/p>\n\n\n\n<p><strong>Asistencia P\u00fablica (Chacabuco 239):&nbsp;<\/strong>no habr\u00e1 atenci\u00f3n en consultorios. Se atender\u00e1n emergencias en la guardia m\u00e9dica, de enfermer\u00eda y odontolog\u00eda, que funciona las 24 horas, todos los d\u00edas. Se solicita concurrir con DNI y barbijo.<\/p>\n\n\n\n<p><strong>Cementerios municipales:<\/strong>&nbsp;los cementerios del Norte (Juan B. Justo y M\u00e9xico), del Oeste (Asunci\u00f3n 150) y Jard\u00edn (Eduardo Wilde al 300), abrir\u00e1n en su horario normal, de 8 a 12 h y 15 a 18 h.<\/p>\n\n\n\n<p><strong>Mercado Municipal Dorrego (avenida Roca y Marina Alfaro):&nbsp;<\/strong>El viernes 1\u00ba de mayo estar\u00e1 cerrado. El s\u00e1bado 2 de mayo la atenci\u00f3n ser\u00e1 de 9 a 15.30 h y de 18 a 21.30 h y el domingo 3 de mayo abrir\u00e1 medio d\u00eda, de 9 a 15.30 h.<\/p>\n\n\n\n<p><strong>Oficina de la Direcci\u00f3n de Respuesta R\u00e1pida (San Lorenzo 1270):<\/strong>&nbsp;no habr\u00e1 atenci\u00f3n presencial, al igual que en otras oficinas administrativas de la comuna capitalina.<\/p>\n\n\n\n<p><strong>Museos Municipales<\/strong>: el viernes 1\u00ba de mayo no abrir\u00e1n al p\u00fablico. S\u00e1bado y domingo atender\u00e1n en su horario habitual, de 9 a 13 h y de 15 a 19 h.<\/p>\n\n\n\n<p><strong>Oficina de Informaci\u00f3n Tur\u00edstica (Congreso al 100)<\/strong>: el 1\u00ba de mayo estar\u00e1 cerrada. El s\u00e1bado y domingo abrir\u00e1 de 9 a 20 h.<\/p>\n\n\n\n<p><strong>Recepci\u00f3n de reclamos:<\/strong>&nbsp;se recuerda a los vecinos que a trav\u00e9s de la App Ciudad SMT pueden realizar pedidos y reclamos sobre diversos temas, como estado de calles, alumbrado p\u00fablico, basurales, tr\u00e1nsito, arbolado, sem\u00e1foros y transporte, entre otros.<\/p>\n","protected":false},"excerpt":{"rendered":"<p>Las actividades administrativas y algunos servicios del Municipio capitalino quedar\u00e1n reducidos por el feriado del&#8230;<\/p>\n","protected":false},"author":2,"featured_media":61602,"comment_status":"open","ping_status":"open","sticky":false,"template":"","format":"standard","meta":{"footnotes":""},"categories":[2],"tags":[],"class_list":["post-61601","post","type-post","status-publish","format-standard","has-post-thumbnail","hentry","category-locales"],"_links":{"self":[{"href":"https:\/\/masquenoticiastucuman.com.ar\/index.php?rest_route=\/wp\/v2\/posts\/61601","targetHints":{"allow":["GET"]}}],"collection":[{"href":"https:\/\/masquenoticiastucuman.com.ar\/index.php?rest_route=\/wp\/v2\/posts"}],"about":[{"href":"https:\/\/masquenoticiastucuman.com.ar\/index.php?rest_route=\/wp\/v2\/types\/post"}],"author":[{"embeddable":true,"href":"https:\/\/masquenoticiastucuman.com.ar\/index.php?rest_route=\/wp\/v2\/users\/2"}],"replies":[{"embeddable":true,"href":"https:\/\/masquenoticiastucuman.com.ar\/index.php?rest_route=%2Fwp%2Fv2%2Fcomments&post=61601"}],"version-history":[{"count":1,"href":"https:\/\/masquenoticiastucuman.com.ar\/index.php?rest_route=\/wp\/v2\/posts\/61601\/revisions"}],"predecessor-version":[{"id":61603,"href":"https:\/\/masquenoticiastucuman.com.ar\/index.php?rest_route=\/wp\/v2\/posts\/61601\/revisions\/61603"}],"wp:featuredmedia":[{"embeddable":true,"href":"https:\/\/masquenoticiastucuman.com.ar\/index.php?rest_route=\/wp\/v2\/media\/61602"}],"wp:attachment":[{"href":"https:\/\/masquenoticiastucuman.com.ar\/index.php?rest_route=%2Fwp%2Fv2%2Fmedia&parent=61601"}],"wp:term":[{"taxonomy":"category","embeddable":true,"href":"https:\/\/masquenoticiastucuman.com.ar\/index.php?rest_route=%2Fwp%2Fv2%2Fcategories&post=61601"},{"taxonomy":"post_tag","embeddable":true,"href":"https:\/\/masquenoticiastucuman.com.ar\/index.php?rest_route=%2Fwp%2Fv2%2Ftags&post=61601"}],"curies":[{"name":"wp","href":"https:\/\/api.w.org\/{rel}","templated":true}]}}