{"id":61604,"date":"2026-04-29T11:09:42","date_gmt":"2026-04-29T14:09:42","guid":{"rendered":"https:\/\/masquenoticiastucuman.com.ar\/?p=61604"},"modified":"2026-04-29T11:09:42","modified_gmt":"2026-04-29T14:09:42","slug":"tucuman-esta-entre-las-siete-provincias-que-tiene-superavit-fiscal-a-nivel-nacional","status":"publish","type":"post","link":"https:\/\/masquenoticiastucuman.com.ar\/?p=61604","title":{"rendered":"\u201cTucum\u00e1n est\u00e1 entre las siete provincias que tiene super\u00e1vit fiscal a nivel nacional\u201d"},"content":{"rendered":"\n<p>El mandatario explic\u00f3 el proceso de ordenamiento de las cuentas p\u00fablicas iniciado al comienzo de su gesti\u00f3n, que permiti\u00f3 alcanzar el hito financiero.<\/p>\n\n\n\n<p>El gobernador&nbsp;<strong>Osvaldo Jaldo<\/strong>&nbsp;brind\u00f3 una conferencia de prensa en Casa de Gobierno donde inform\u00f3 que Tucum\u00e1n integra el grupo de siete provincias del pa\u00eds que cerraron 2025 con super\u00e1vit fiscal, seg\u00fan informes de consultoras privadas. Del anuncio tambi\u00e9n particip\u00f3 el ministro de Econom\u00eda y Producci\u00f3n,&nbsp;<strong>Daniel Abad<\/strong>.<\/p>\n\n\n\n<p>El mandatario explic\u00f3 el proceso de ordenamiento de las cuentas p\u00fablicas iniciado al comienzo de su gesti\u00f3n. En ese sentido, afirm\u00f3: \u201cCuando arrancamos en octubre de 2023 tomamos medidas dentro de la reestructuraci\u00f3n del gobierno.<strong>&nbsp;Eliminamos ministerios, secretar\u00edas, subsecretar\u00edas y direcciones que se superpon\u00edan en sus funciones.<\/strong>&nbsp;Tambi\u00e9n eliminamos cargos que no ten\u00edan un rol espec\u00edfico y gastos innecesarios y superfluos\u201d.<\/p>\n\n\n\n<p>El Gobernador detall\u00f3 que el control del gasto permiti\u00f3 transitar 2024 con estabilidad financiera: \u201cEn 2024, con ingresos de coparticipaci\u00f3n razonables, transcurrimos el a\u00f1o con una situaci\u00f3n financiera controlada, que nos permiti\u00f3 cumplir con las \u00e1reas esenciales como salud, educaci\u00f3n, seguridad, acci\u00f3n social y servicios p\u00fablicos, aun cuando la Naci\u00f3n dej\u00f3 de enviar recursos espec\u00edficos\u201d.<\/p>\n\n\n\n<p>Asimismo, remarc\u00f3 que la Provincia debi\u00f3 asumir programas que dejaron de financiarse desde el Gobierno nacional. Al respecto, indic\u00f3: \u201cLa Naci\u00f3n dej\u00f3 de enviar el incentivo docente, la compensaci\u00f3n del transporte, la conectividad y programas en salud, seguridad y educaci\u00f3n vinculados al mejoramiento de establecimientos educativos y la calidad pedag\u00f3gica\u201d.<\/p>\n\n\n\n<p>En ese marco, el mandatario destac\u00f3 la creaci\u00f3n de una herramienta financiera para afrontar contingencias:&nbsp;<strong>\u201cDurante 2024 logramos un Fondo Antic\u00edclico que en diciembre equival\u00eda aproximadamente a una planilla y media o dos planillas de sueldo de ahorro, para afrontar cualquier emergencia econ\u00f3mica, financiera o presupuestaria\u201d.<\/strong><\/p>\n\n\n\n<p>Luego, el titular del Poder Ejecutivo describi\u00f3 el contexto econ\u00f3mico nacional durante 2025 y su impacto en las provincias: \u201cEn 2025 empez\u00f3 a caer el consumo a nivel nacional y, con ello, los recursos coparticipables. Los 24 distritos de la Rep\u00fablica Argentina perdimos recursos nacionales, pero no todas las provincias estaban posicionadas de la misma manera\u201d.<\/p>\n\n\n\n<p>Jaldo resalt\u00f3 las particularidades productivas de la provincia frente a ese escenario. En ese punto, afirm\u00f3:&nbsp;<strong>\u201cTucum\u00e1n no tiene miner\u00eda ni es una provincia petrolera, pero s\u00ed posee un potencial productivo, industrial y comercial muy importante. Por eso, Tucum\u00e1n est\u00e1 entre los siete distritos que en 2025 tuvieron super\u00e1vit fiscal. En un a\u00f1o dif\u00edcil, la provincia termin\u00f3 con super\u00e1vit\u201d.&nbsp;<\/strong>El ranking se completa con<strong>&nbsp;<\/strong>C\u00f3rdoba, Formosa, Jujuy, Neuqu\u00e9n, San Juan y Santiago del Estero.&nbsp;<\/p>\n\n\n\n<p><strong><\/strong>Estuvieron presentes tambi\u00e9n en la conferencia de prensa el ministro de Seguridad,&nbsp;<strong>Eugenio Ag\u00fcero Gamboa<\/strong>; el ministro de Obras, Infraestructura y Transporte P\u00fablico,&nbsp;<strong>Marcelo Nazur;<\/strong>&nbsp;el ministro de Interior,&nbsp;<strong>Dar\u00edo Monteros<\/strong>; el ministro de Gobierno y Justicia,&nbsp;<strong>Regino Amado<\/strong>; la fiscal de Estado,&nbsp;<strong>Gilda Pedicone de Valls<\/strong>; el secretario general del Gobernaci\u00f3n,&nbsp;<strong>Federico Nazur<\/strong>; el presidente del Concejo Deliberante de San Miguel de Tucum\u00e1n,&nbsp;<strong>Fernando Juri<\/strong>; y el jefe y subjefe de Polic\u00eda,&nbsp;<strong>Joaqu\u00edn Girvau&nbsp;<\/strong>y<strong>&nbsp;Roque Y\u00f1igo.&nbsp;<\/strong><strong><\/strong><\/p>\n\n\n\n<p>Por su parte, el ministro de Econom\u00eda y Producci\u00f3n explic\u00f3 que el resultado fiscal fue producto del trabajo conjunto del gabinete: \u201cEl super\u00e1vit fiscal al cierre de diciembre de 2025 fue posible gracias al trabajo conjunto de todos los ministros.<strong>&nbsp;Trabajamos en equipo y eso permiti\u00f3 mantener el equilibrio a trav\u00e9s del Fondo Antic\u00edclico, que disminuye por la ca\u00edda de los recursos vinculados al consumo\u201d.<\/strong><\/p>\n\n\n\n<p>El funcionario explic\u00f3 la relaci\u00f3n entre consumo y recaudaci\u00f3n. En esa l\u00ednea, indic\u00f3: \u201cEl 95% de la coparticipaci\u00f3n federal est\u00e1 compuesto por IVA y Ganancias. Cuando cae el consumo y la venta, la consecuencia inmediata es la ca\u00edda de la recaudaci\u00f3n\u201d.<\/p>\n\n\n\n<p>Abad subray\u00f3 que el resultado fiscal se apoya en datos de consultoras y centros de estudio: \u201cLa consultora&nbsp;<strong>Politik\u00f3n Chaco<\/strong>&nbsp;se\u00f1ala, en base a estad\u00edsticas nacionales, que Tucum\u00e1n cerr\u00f3 2025 con super\u00e1vit fiscal\u201d.<\/p>\n\n\n\n<p>Finalmente, el ministro destac\u00f3 el enfoque del Gobierno provincial en la generaci\u00f3n de empleo y desarrollo econ\u00f3mico. \u201cLa esperanza est\u00e1 puesta en un gobierno que todos los d\u00edas trabaja para que el sector privado genere empleo genuino y valor agregado econ\u00f3mico en la provincia de Tucum\u00e1n\u201d, subray\u00f3 el avance del plan de gobierno basado en el equilibrio fiscal.<\/p>\n","protected":false},"excerpt":{"rendered":"<p>El mandatario explic\u00f3 el proceso de ordenamiento de las cuentas p\u00fablicas iniciado al comienzo de&#8230;<\/p>\n","protected":false},"author":2,"featured_media":61605,"comment_status":"open","ping_status":"open","sticky":false,"template":"","format":"standard","meta":{"footnotes":""},"categories":[2],"tags":[],"class_list":["post-61604","post","type-post","status-publish","format-standard","has-post-thumbnail","hentry","category-locales"],"_links":{"self":[{"href":"https:\/\/masquenoticiastucuman.com.ar\/index.php?rest_route=\/wp\/v2\/posts\/61604","targetHints":{"allow":["GET"]}}],"collection":[{"href":"https:\/\/masquenoticiastucuman.com.ar\/index.php?rest_route=\/wp\/v2\/posts"}],"about":[{"href":"https:\/\/masquenoticiastucuman.com.ar\/index.php?rest_route=\/wp\/v2\/types\/post"}],"author":[{"embeddable":true,"href":"https:\/\/masquenoticiastucuman.com.ar\/index.php?rest_route=\/wp\/v2\/users\/2"}],"replies":[{"embeddable":true,"href":"https:\/\/masquenoticiastucuman.com.ar\/index.php?rest_route=%2Fwp%2Fv2%2Fcomments&post=61604"}],"version-history":[{"count":1,"href":"https:\/\/masquenoticiastucuman.com.ar\/index.php?rest_route=\/wp\/v2\/posts\/61604\/revisions"}],"predecessor-version":[{"id":61606,"href":"https:\/\/masquenoticiastucuman.com.ar\/index.php?rest_route=\/wp\/v2\/posts\/61604\/revisions\/61606"}],"wp:featuredmedia":[{"embeddable":true,"href":"https:\/\/masquenoticiastucuman.com.ar\/index.php?rest_route=\/wp\/v2\/media\/61605"}],"wp:attachment":[{"href":"https:\/\/masquenoticiastucuman.com.ar\/index.php?rest_route=%2Fwp%2Fv2%2Fmedia&parent=61604"}],"wp:term":[{"taxonomy":"category","embeddable":true,"href":"https:\/\/masquenoticiastucuman.com.ar\/index.php?rest_route=%2Fwp%2Fv2%2Fcategories&post=61604"},{"taxonomy":"post_tag","embeddable":true,"href":"https:\/\/masquenoticiastucuman.com.ar\/index.php?rest_route=%2Fwp%2Fv2%2Ftags&post=61604"}],"curies":[{"name":"wp","href":"https:\/\/api.w.org\/{rel}","templated":true}]}}