{"id":61611,"date":"2026-04-29T09:11:14","date_gmt":"2026-04-29T12:11:14","guid":{"rendered":"http:\/\/masquenoticiastucuman.com.ar\/?p=61611"},"modified":"2026-04-29T09:11:14","modified_gmt":"2026-04-29T12:11:14","slug":"ataque-con-cuchillo-en-un-barrio-judio-en-londres-hay-dos-personas-apunaladas-y-un-detenido","status":"publish","type":"post","link":"https:\/\/masquenoticiastucuman.com.ar\/?p=61611","title":{"rendered":"Ataque con cuchillo en un barrio jud\u00edo en Londres: hay dos personas apu\u00f1aladas y un detenido"},"content":{"rendered":"<ul>\n<li>Ocurri\u00f3 en Golders Green, una zona con una numerosa poblaci\u00f3n jud\u00eda.<\/li>\n<li>En el \u00faltimo mes se han registrado varios incidentes contra instituciones jud\u00edas en el norte de Londres.<\/li>\n<\/ul>\n<p>\u200bOcurri\u00f3 en Golders Green, una zona con una numerosa poblaci\u00f3n jud\u00eda.En el \u00faltimo mes se han registrado varios incidentes contra instituciones jud\u00edas en el norte de Londres.\u00a0<a href=\"https:\/\/www.clarin.com\/mundo\/ataque-cuchillo-barrio-judio-londres-personas-apunaladas-detenido_0_vtumnAPzGw.html\" target=\"_blank\" class=\"feedzy-rss-link-icon\">Read More<\/a><\/p>","protected":false},"excerpt":{"rendered":"<p>Ocurri\u00f3 en Golders Green, una zona con una numerosa poblaci\u00f3n jud\u00eda. En el \u00faltimo mes&#8230;<\/p>\n","protected":false},"author":1,"featured_media":61612,"comment_status":"open","ping_status":"open","sticky":false,"template":"","format":"standard","meta":{"footnotes":""},"categories":[4],"tags":[],"class_list":["post-61611","post","type-post","status-publish","format-standard","has-post-thumbnail","hentry","category-internacionales"],"_links":{"self":[{"href":"https:\/\/masquenoticiastucuman.com.ar\/index.php?rest_route=\/wp\/v2\/posts\/61611","targetHints":{"allow":["GET"]}}],"collection":[{"href":"https:\/\/masquenoticiastucuman.com.ar\/index.php?rest_route=\/wp\/v2\/posts"}],"about":[{"href":"https:\/\/masquenoticiastucuman.com.ar\/index.php?rest_route=\/wp\/v2\/types\/post"}],"author":[{"embeddable":true,"href":"https:\/\/masquenoticiastucuman.com.ar\/index.php?rest_route=\/wp\/v2\/users\/1"}],"replies":[{"embeddable":true,"href":"https:\/\/masquenoticiastucuman.com.ar\/index.php?rest_route=%2Fwp%2Fv2%2Fcomments&post=61611"}],"version-history":[{"count":0,"href":"https:\/\/masquenoticiastucuman.com.ar\/index.php?rest_route=\/wp\/v2\/posts\/61611\/revisions"}],"wp:featuredmedia":[{"embeddable":true,"href":"https:\/\/masquenoticiastucuman.com.ar\/index.php?rest_route=\/wp\/v2\/media\/61612"}],"wp:attachment":[{"href":"https:\/\/masquenoticiastucuman.com.ar\/index.php?rest_route=%2Fwp%2Fv2%2Fmedia&parent=61611"}],"wp:term":[{"taxonomy":"category","embeddable":true,"href":"https:\/\/masquenoticiastucuman.com.ar\/index.php?rest_route=%2Fwp%2Fv2%2Fcategories&post=61611"},{"taxonomy":"post_tag","embeddable":true,"href":"https:\/\/masquenoticiastucuman.com.ar\/index.php?rest_route=%2Fwp%2Fv2%2Ftags&post=61611"}],"curies":[{"name":"wp","href":"https:\/\/api.w.org\/{rel}","templated":true}]}}