{"id":61614,"date":"2026-04-29T10:43:37","date_gmt":"2026-04-29T13:43:37","guid":{"rendered":"http:\/\/masquenoticiastucuman.com.ar\/?p=61614"},"modified":"2026-04-29T10:43:37","modified_gmt":"2026-04-29T13:43:37","slug":"esteban-andrada-recibio-una-historica-sancion-por-su-pina-en-espana-trece-partidos-de-suspension","status":"publish","type":"post","link":"https:\/\/masquenoticiastucuman.com.ar\/?p=61614","title":{"rendered":"Esteban Andrada recibi\u00f3 una hist\u00f3rica sanci\u00f3n por su pi\u00f1a en Espa\u00f1a: trece partidos de suspensi\u00f3n"},"content":{"rendered":"<ul>\n<li>Se confirm\u00f3 la sanci\u00f3n para el arquero argentino de Zaragoza tras su agresi\u00f3n al capit\u00e1n del Huesca.<\/li>\n<\/ul>\n<p>\u200bSe confirm\u00f3 la sanci\u00f3n para el arquero argentino de Zaragoza tras su agresi\u00f3n al capit\u00e1n del Huesca.\u00a0<a href=\"https:\/\/www.clarin.com\/deportes\/esteban-andrada-recibio-historica-sancion-pina-espana-trece-partidos-suspension_0_3YLCVKSqsb.html\" target=\"_blank\" class=\"feedzy-rss-link-icon\">Read More<\/a><\/p>","protected":false},"excerpt":{"rendered":"<p>Se confirm\u00f3 la sanci\u00f3n para el arquero argentino de Zaragoza tras su agresi\u00f3n al capit\u00e1n&#8230;<\/p>\n","protected":false},"author":1,"featured_media":0,"comment_status":"open","ping_status":"open","sticky":false,"template":"","format":"standard","meta":{"footnotes":""},"categories":[6],"tags":[],"class_list":["post-61614","post","type-post","status-publish","format-standard","has-post-thumbnail","hentry","category-deportes"],"_links":{"self":[{"href":"https:\/\/masquenoticiastucuman.com.ar\/index.php?rest_route=\/wp\/v2\/posts\/61614","targetHints":{"allow":["GET"]}}],"collection":[{"href":"https:\/\/masquenoticiastucuman.com.ar\/index.php?rest_route=\/wp\/v2\/posts"}],"about":[{"href":"https:\/\/masquenoticiastucuman.com.ar\/index.php?rest_route=\/wp\/v2\/types\/post"}],"author":[{"embeddable":true,"href":"https:\/\/masquenoticiastucuman.com.ar\/index.php?rest_route=\/wp\/v2\/users\/1"}],"replies":[{"embeddable":true,"href":"https:\/\/masquenoticiastucuman.com.ar\/index.php?rest_route=%2Fwp%2Fv2%2Fcomments&post=61614"}],"version-history":[{"count":0,"href":"https:\/\/masquenoticiastucuman.com.ar\/index.php?rest_route=\/wp\/v2\/posts\/61614\/revisions"}],"wp:attachment":[{"href":"https:\/\/masquenoticiastucuman.com.ar\/index.php?rest_route=%2Fwp%2Fv2%2Fmedia&parent=61614"}],"wp:term":[{"taxonomy":"category","embeddable":true,"href":"https:\/\/masquenoticiastucuman.com.ar\/index.php?rest_route=%2Fwp%2Fv2%2Fcategories&post=61614"},{"taxonomy":"post_tag","embeddable":true,"href":"https:\/\/masquenoticiastucuman.com.ar\/index.php?rest_route=%2Fwp%2Fv2%2Ftags&post=61614"}],"curies":[{"name":"wp","href":"https:\/\/api.w.org\/{rel}","templated":true}]}}