{"id":61616,"date":"2026-04-29T12:46:23","date_gmt":"2026-04-29T15:46:23","guid":{"rendered":"http:\/\/masquenoticiastucuman.com.ar\/?p=61616"},"modified":"2026-04-29T12:46:23","modified_gmt":"2026-04-29T15:46:23","slug":"despues-de-comprar-adecoagro-y-profertil-el-gigante-de-las-stablecoins-tether-invierte-en-una-app-argentina","status":"publish","type":"post","link":"https:\/\/masquenoticiastucuman.com.ar\/?p=61616","title":{"rendered":"Despu\u00e9s de comprar Adecoagro y Prof\u00e9rtil, el gigante de las stablecoins Tether invierte en una app argentina"},"content":{"rendered":"<ul>\n<li>El due\u00f1o del USDT, la criptomoneda atada al valor del d\u00f3lar, encabez\u00f3 el grupo de inversores que puso US$ 14 millones en Belo.<\/li>\n<li>Usar\u00e1 la plata para expandirse en Am\u00e9rica latina.<\/li>\n<\/ul>\n<p>\u200bEl due\u00f1o del USDT, la criptomoneda atada al valor del d\u00f3lar, encabez\u00f3 el grupo de inversores que puso US$ 14 millones en Belo.Usar\u00e1 la plata para expandirse en Am\u00e9rica latina.\u00a0<a href=\"https:\/\/www.clarin.com\/economia\/despues-comprar-adecoagro-profertil-gigante-stablecoins-tether-invierte-app-argentina_0_s0UfmxivBW.html\" target=\"_blank\" class=\"feedzy-rss-link-icon\">Read More<\/a><\/p>","protected":false},"excerpt":{"rendered":"<p>El due\u00f1o del USDT, la criptomoneda atada al valor del d\u00f3lar, encabez\u00f3 el grupo de&#8230;<\/p>\n","protected":false},"author":1,"featured_media":0,"comment_status":"open","ping_status":"open","sticky":false,"template":"","format":"standard","meta":{"footnotes":""},"categories":[3],"tags":[],"class_list":["post-61616","post","type-post","status-publish","format-standard","has-post-thumbnail","hentry","category-nacionales"],"_links":{"self":[{"href":"https:\/\/masquenoticiastucuman.com.ar\/index.php?rest_route=\/wp\/v2\/posts\/61616","targetHints":{"allow":["GET"]}}],"collection":[{"href":"https:\/\/masquenoticiastucuman.com.ar\/index.php?rest_route=\/wp\/v2\/posts"}],"about":[{"href":"https:\/\/masquenoticiastucuman.com.ar\/index.php?rest_route=\/wp\/v2\/types\/post"}],"author":[{"embeddable":true,"href":"https:\/\/masquenoticiastucuman.com.ar\/index.php?rest_route=\/wp\/v2\/users\/1"}],"replies":[{"embeddable":true,"href":"https:\/\/masquenoticiastucuman.com.ar\/index.php?rest_route=%2Fwp%2Fv2%2Fcomments&post=61616"}],"version-history":[{"count":0,"href":"https:\/\/masquenoticiastucuman.com.ar\/index.php?rest_route=\/wp\/v2\/posts\/61616\/revisions"}],"wp:attachment":[{"href":"https:\/\/masquenoticiastucuman.com.ar\/index.php?rest_route=%2Fwp%2Fv2%2Fmedia&parent=61616"}],"wp:term":[{"taxonomy":"category","embeddable":true,"href":"https:\/\/masquenoticiastucuman.com.ar\/index.php?rest_route=%2Fwp%2Fv2%2Fcategories&post=61616"},{"taxonomy":"post_tag","embeddable":true,"href":"https:\/\/masquenoticiastucuman.com.ar\/index.php?rest_route=%2Fwp%2Fv2%2Ftags&post=61616"}],"curies":[{"name":"wp","href":"https:\/\/api.w.org\/{rel}","templated":true}]}}