{"id":61617,"date":"2026-04-29T12:01:26","date_gmt":"2026-04-29T15:01:26","guid":{"rendered":"http:\/\/masquenoticiastucuman.com.ar\/?p=61617"},"modified":"2026-04-29T12:01:26","modified_gmt":"2026-04-29T15:01:26","slug":"la-guerra-en-medio-oriente-hizo-caer-16-la-confianza-del-productor-argentino-y-frena-inversiones-en-el-sector","status":"publish","type":"post","link":"https:\/\/masquenoticiastucuman.com.ar\/?p=61617","title":{"rendered":"La guerra en Medio Oriente hizo caer 16% la confianza del productor argentino y frena inversiones en el sector"},"content":{"rendered":"<ul>\n<li>As\u00ed lo indica un trabajo de la Universidad Austral, que relev\u00f3 la opini\u00f3n de m\u00e1s de 400 agricultores y ganaderos.<\/li>\n<li>La suba de los combustibles y los fertilizantes ajustan los m\u00e1rgenes de los cultivos y ponen coto a la intenci\u00f3n de inversi\u00f3n de los empresarios.<\/li>\n<\/ul>\n<p>\u200bAs\u00ed lo indica un trabajo de la Universidad Austral, que relev\u00f3 la opini\u00f3n de m\u00e1s de 400 agricultores y ganaderos.La suba de los combustibles y los fertilizantes ajustan los m\u00e1rgenes de los cultivos y ponen coto a la intenci\u00f3n de inversi\u00f3n de los empresarios.\u00a0<a href=\"https:\/\/www.clarin.com\/rural\/guerra-medio-oriente-hizo-caer-16-confianza-productor-argentino-frena-inversiones-sector_0_UtcowAdNiA.html\" target=\"_blank\" class=\"feedzy-rss-link-icon\">Read More<\/a><\/p>","protected":false},"excerpt":{"rendered":"<p>As\u00ed lo indica un trabajo de la Universidad Austral, que relev\u00f3 la opini\u00f3n de m\u00e1s&#8230;<\/p>\n","protected":false},"author":1,"featured_media":0,"comment_status":"open","ping_status":"open","sticky":false,"template":"","format":"standard","meta":{"footnotes":""},"categories":[3],"tags":[],"class_list":["post-61617","post","type-post","status-publish","format-standard","has-post-thumbnail","hentry","category-nacionales"],"_links":{"self":[{"href":"https:\/\/masquenoticiastucuman.com.ar\/index.php?rest_route=\/wp\/v2\/posts\/61617","targetHints":{"allow":["GET"]}}],"collection":[{"href":"https:\/\/masquenoticiastucuman.com.ar\/index.php?rest_route=\/wp\/v2\/posts"}],"about":[{"href":"https:\/\/masquenoticiastucuman.com.ar\/index.php?rest_route=\/wp\/v2\/types\/post"}],"author":[{"embeddable":true,"href":"https:\/\/masquenoticiastucuman.com.ar\/index.php?rest_route=\/wp\/v2\/users\/1"}],"replies":[{"embeddable":true,"href":"https:\/\/masquenoticiastucuman.com.ar\/index.php?rest_route=%2Fwp%2Fv2%2Fcomments&post=61617"}],"version-history":[{"count":0,"href":"https:\/\/masquenoticiastucuman.com.ar\/index.php?rest_route=\/wp\/v2\/posts\/61617\/revisions"}],"wp:attachment":[{"href":"https:\/\/masquenoticiastucuman.com.ar\/index.php?rest_route=%2Fwp%2Fv2%2Fmedia&parent=61617"}],"wp:term":[{"taxonomy":"category","embeddable":true,"href":"https:\/\/masquenoticiastucuman.com.ar\/index.php?rest_route=%2Fwp%2Fv2%2Fcategories&post=61617"},{"taxonomy":"post_tag","embeddable":true,"href":"https:\/\/masquenoticiastucuman.com.ar\/index.php?rest_route=%2Fwp%2Fv2%2Ftags&post=61617"}],"curies":[{"name":"wp","href":"https:\/\/api.w.org\/{rel}","templated":true}]}}