{"id":61618,"date":"2026-04-29T12:33:24","date_gmt":"2026-04-29T15:33:24","guid":{"rendered":"http:\/\/masquenoticiastucuman.com.ar\/?p=61618"},"modified":"2026-04-29T12:33:24","modified_gmt":"2026-04-29T15:33:24","slug":"con-maduro-preso-american-airlines-vuelve-a-venezuela-tras-siete-anos-retoma-la-ruta-miami-caracas","status":"publish","type":"post","link":"https:\/\/masquenoticiastucuman.com.ar\/?p=61618","title":{"rendered":"Con Maduro preso, American Airlines vuelve a Venezuela: tras siete a\u00f1os retoma la ruta Miami-Caracas"},"content":{"rendered":"<ul>\n<li>Es otra se\u00f1al del cambio de clima diplom\u00e1tico y de negocios de ese pa\u00eds con Estados Unidos, tras la detenci\u00f3n del dictador.<\/li>\n<li>Desde este jueves habr\u00e1 dos vuelos diarios, sin escalas.<\/li>\n<\/ul>\n<p>\u200bEs otra se\u00f1al del cambio de clima diplom\u00e1tico y de negocios de ese pa\u00eds con Estados Unidos, tras la detenci\u00f3n del dictador.Desde este jueves habr\u00e1 dos vuelos diarios, sin escalas.\u00a0<a href=\"https:\/\/www.clarin.com\/mundo\/maduro-preso-american-airlines-vuelve-venezuela-anos-retoma-ruta-miami-caracas_0_GQfTIlKiDl.html\" target=\"_blank\" class=\"feedzy-rss-link-icon\">Read More<\/a><\/p>","protected":false},"excerpt":{"rendered":"<p>Es otra se\u00f1al del cambio de clima diplom\u00e1tico y de negocios de ese pa\u00eds con&#8230;<\/p>\n","protected":false},"author":1,"featured_media":61619,"comment_status":"open","ping_status":"open","sticky":false,"template":"","format":"standard","meta":{"footnotes":""},"categories":[4],"tags":[],"class_list":["post-61618","post","type-post","status-publish","format-standard","has-post-thumbnail","hentry","category-internacionales"],"_links":{"self":[{"href":"https:\/\/masquenoticiastucuman.com.ar\/index.php?rest_route=\/wp\/v2\/posts\/61618","targetHints":{"allow":["GET"]}}],"collection":[{"href":"https:\/\/masquenoticiastucuman.com.ar\/index.php?rest_route=\/wp\/v2\/posts"}],"about":[{"href":"https:\/\/masquenoticiastucuman.com.ar\/index.php?rest_route=\/wp\/v2\/types\/post"}],"author":[{"embeddable":true,"href":"https:\/\/masquenoticiastucuman.com.ar\/index.php?rest_route=\/wp\/v2\/users\/1"}],"replies":[{"embeddable":true,"href":"https:\/\/masquenoticiastucuman.com.ar\/index.php?rest_route=%2Fwp%2Fv2%2Fcomments&post=61618"}],"version-history":[{"count":0,"href":"https:\/\/masquenoticiastucuman.com.ar\/index.php?rest_route=\/wp\/v2\/posts\/61618\/revisions"}],"wp:featuredmedia":[{"embeddable":true,"href":"https:\/\/masquenoticiastucuman.com.ar\/index.php?rest_route=\/wp\/v2\/media\/61619"}],"wp:attachment":[{"href":"https:\/\/masquenoticiastucuman.com.ar\/index.php?rest_route=%2Fwp%2Fv2%2Fmedia&parent=61618"}],"wp:term":[{"taxonomy":"category","embeddable":true,"href":"https:\/\/masquenoticiastucuman.com.ar\/index.php?rest_route=%2Fwp%2Fv2%2Fcategories&post=61618"},{"taxonomy":"post_tag","embeddable":true,"href":"https:\/\/masquenoticiastucuman.com.ar\/index.php?rest_route=%2Fwp%2Fv2%2Ftags&post=61618"}],"curies":[{"name":"wp","href":"https:\/\/api.w.org\/{rel}","templated":true}]}}