{"id":61620,"date":"2026-04-29T12:11:31","date_gmt":"2026-04-29T15:11:31","guid":{"rendered":"http:\/\/masquenoticiastucuman.com.ar\/?p=61620"},"modified":"2026-04-29T12:11:31","modified_gmt":"2026-04-29T15:11:31","slug":"juicio-en-espana-senalan-a-pedro-sanchez-como-el-principal-actor-en-una-trama-de-corrupcion","status":"publish","type":"post","link":"https:\/\/masquenoticiastucuman.com.ar\/?p=61620","title":{"rendered":"Juicio en Espa\u00f1a: se\u00f1alan a Pedro S\u00e1nchez como el principal actor en una trama de corrupci\u00f3n"},"content":{"rendered":"<ul>\n<li>&#8220;Si hay una jerarqu\u00eda en la banda criminal, \u00e9l est\u00e1 en el escalaf\u00f3n 1&#8221;, dijo V\u00edctor de Aldama, se\u00f1alado como intermediario en supuestos pagos de coimas, al declarar en el juicio.<\/li>\n<li>Es en el marco del proceso contra el ex ministro de Transporte de S\u00e1nchez, Jos\u00e9 Luis Abalos, por la compra irregular de barbijos en la pandemia.<\/li>\n<\/ul>\n<p>\u200b&#8221;Si hay una jerarqu\u00eda en la banda criminal, \u00e9l est\u00e1 en el escalaf\u00f3n 1&#8243;, dijo V\u00edctor de Aldama, se\u00f1alado como intermediario en supuestos pagos de coimas, al declarar en el juicio.Es en el marco del proceso contra el ex ministro de Transporte de S\u00e1nchez, Jos\u00e9 Luis Abalos, por la compra irregular de barbijos en la pandemia.\u00a0<a href=\"https:\/\/www.clarin.com\/mundo\/juicio-espana-senalan-pedro-sanchez-principal-actor-trama-corrupcion_0_d83mZ2PD0J.html\" target=\"_blank\" class=\"feedzy-rss-link-icon\">Read More<\/a><\/p>","protected":false},"excerpt":{"rendered":"<p>&#8220;Si hay una jerarqu\u00eda en la banda criminal, \u00e9l est\u00e1 en el escalaf\u00f3n 1&#8221;, dijo&#8230;<\/p>\n","protected":false},"author":1,"featured_media":61621,"comment_status":"open","ping_status":"open","sticky":false,"template":"","format":"standard","meta":{"footnotes":""},"categories":[4],"tags":[],"class_list":["post-61620","post","type-post","status-publish","format-standard","has-post-thumbnail","hentry","category-internacionales"],"_links":{"self":[{"href":"https:\/\/masquenoticiastucuman.com.ar\/index.php?rest_route=\/wp\/v2\/posts\/61620","targetHints":{"allow":["GET"]}}],"collection":[{"href":"https:\/\/masquenoticiastucuman.com.ar\/index.php?rest_route=\/wp\/v2\/posts"}],"about":[{"href":"https:\/\/masquenoticiastucuman.com.ar\/index.php?rest_route=\/wp\/v2\/types\/post"}],"author":[{"embeddable":true,"href":"https:\/\/masquenoticiastucuman.com.ar\/index.php?rest_route=\/wp\/v2\/users\/1"}],"replies":[{"embeddable":true,"href":"https:\/\/masquenoticiastucuman.com.ar\/index.php?rest_route=%2Fwp%2Fv2%2Fcomments&post=61620"}],"version-history":[{"count":0,"href":"https:\/\/masquenoticiastucuman.com.ar\/index.php?rest_route=\/wp\/v2\/posts\/61620\/revisions"}],"wp:featuredmedia":[{"embeddable":true,"href":"https:\/\/masquenoticiastucuman.com.ar\/index.php?rest_route=\/wp\/v2\/media\/61621"}],"wp:attachment":[{"href":"https:\/\/masquenoticiastucuman.com.ar\/index.php?rest_route=%2Fwp%2Fv2%2Fmedia&parent=61620"}],"wp:term":[{"taxonomy":"category","embeddable":true,"href":"https:\/\/masquenoticiastucuman.com.ar\/index.php?rest_route=%2Fwp%2Fv2%2Fcategories&post=61620"},{"taxonomy":"post_tag","embeddable":true,"href":"https:\/\/masquenoticiastucuman.com.ar\/index.php?rest_route=%2Fwp%2Fv2%2Ftags&post=61620"}],"curies":[{"name":"wp","href":"https:\/\/api.w.org\/{rel}","templated":true}]}}