{"id":61622,"date":"2026-04-29T12:35:07","date_gmt":"2026-04-29T15:35:07","guid":{"rendered":"http:\/\/masquenoticiastucuman.com.ar\/?p=61622"},"modified":"2026-04-29T12:35:07","modified_gmt":"2026-04-29T15:35:07","slug":"mirtha-legrand-no-hara-su-programa-por-tercera-semana-consecutiva-ella-quiere-ir-a-trabajar-los-medicos-le-aconsejan-mas-reposo","status":"publish","type":"post","link":"https:\/\/masquenoticiastucuman.com.ar\/?p=61622","title":{"rendered":"Mirtha Legrand no har\u00e1 su programa, por tercera semana consecutiva: ella quiere ir a trabajar, los m\u00e9dicos le aconsejan m\u00e1s reposo"},"content":{"rendered":"<ul>\n<li>A los 99 a\u00f1os, La Chiqui volver\u00e1 a faltar, contra su voluntad, a &#8220;La noche de Mirtha&#8221;, por El Trece.<\/li>\n<li>La reemplazar\u00e1 su nieta, Juana Viale.<\/li>\n<li>Qui\u00e9nes ser\u00e1n los invitados a la mesa de Mirtha sin Mirtha. Y a la de Juana&#8230; con Juana.<\/li>\n<\/ul>\n<p>\u200bA los 99 a\u00f1os, La Chiqui volver\u00e1 a faltar, contra su voluntad, a &#8220;La noche de Mirtha&#8221;, por El Trece.La reemplazar\u00e1 su nieta, Juana Viale.Qui\u00e9nes ser\u00e1n los invitados a la mesa de Mirtha sin Mirtha. Y a la de Juana&#8230; con Juana.\u00a0<a href=\"https:\/\/www.clarin.com\/espectaculos\/mirtha-legrand-hara-programa-tercera-semana-consecutiva-quiere-ir-trabajar-medicos-aconsejan-reposo_0_hkuRXzFmvM.html\" target=\"_blank\" class=\"feedzy-rss-link-icon\">Read More<\/a><\/p>","protected":false},"excerpt":{"rendered":"<p>A los 99 a\u00f1os, La Chiqui volver\u00e1 a faltar, contra su voluntad, a &#8220;La noche&#8230;<\/p>\n","protected":false},"author":1,"featured_media":0,"comment_status":"open","ping_status":"open","sticky":false,"template":"","format":"standard","meta":{"footnotes":""},"categories":[5],"tags":[],"class_list":["post-61622","post","type-post","status-publish","format-standard","has-post-thumbnail","hentry","category-espectaculo"],"_links":{"self":[{"href":"https:\/\/masquenoticiastucuman.com.ar\/index.php?rest_route=\/wp\/v2\/posts\/61622","targetHints":{"allow":["GET"]}}],"collection":[{"href":"https:\/\/masquenoticiastucuman.com.ar\/index.php?rest_route=\/wp\/v2\/posts"}],"about":[{"href":"https:\/\/masquenoticiastucuman.com.ar\/index.php?rest_route=\/wp\/v2\/types\/post"}],"author":[{"embeddable":true,"href":"https:\/\/masquenoticiastucuman.com.ar\/index.php?rest_route=\/wp\/v2\/users\/1"}],"replies":[{"embeddable":true,"href":"https:\/\/masquenoticiastucuman.com.ar\/index.php?rest_route=%2Fwp%2Fv2%2Fcomments&post=61622"}],"version-history":[{"count":0,"href":"https:\/\/masquenoticiastucuman.com.ar\/index.php?rest_route=\/wp\/v2\/posts\/61622\/revisions"}],"wp:attachment":[{"href":"https:\/\/masquenoticiastucuman.com.ar\/index.php?rest_route=%2Fwp%2Fv2%2Fmedia&parent=61622"}],"wp:term":[{"taxonomy":"category","embeddable":true,"href":"https:\/\/masquenoticiastucuman.com.ar\/index.php?rest_route=%2Fwp%2Fv2%2Fcategories&post=61622"},{"taxonomy":"post_tag","embeddable":true,"href":"https:\/\/masquenoticiastucuman.com.ar\/index.php?rest_route=%2Fwp%2Fv2%2Ftags&post=61622"}],"curies":[{"name":"wp","href":"https:\/\/api.w.org\/{rel}","templated":true}]}}