{"id":61623,"date":"2026-04-29T12:15:21","date_gmt":"2026-04-29T15:15:21","guid":{"rendered":"http:\/\/masquenoticiastucuman.com.ar\/?p=61623"},"modified":"2026-04-29T12:15:21","modified_gmt":"2026-04-29T15:15:21","slug":"atletico-madrid-vs-arsenal-por-la-champions-league-2026-en-vivo-a-que-hora-es-formaciones-y-como-ver-la-primera-semifinal-del-equipo-del-cholo-simeone","status":"publish","type":"post","link":"https:\/\/masquenoticiastucuman.com.ar\/?p=61623","title":{"rendered":"Atl\u00e9tico Madrid vs Arsenal, por la Champions League 2026, EN VIVO: a qu\u00e9 hora es, formaciones y c\u00f3mo ver la primera semifinal del equipo del Cholo Simeone"},"content":{"rendered":"<ul>\n<li>El conjunto espa\u00f1ol recibe al ingl\u00e9s por el partido de ida de la semifinal de la Orejona. <\/li>\n<li>El martes que viene se jugar\u00e1 la vuelta en Londres, que definir\u00e1 al primer finalista del certamen. <\/li>\n<li>Por ESPN y Fox Sports.<\/li>\n<\/ul>\n<p>\u200bEl conjunto espa\u00f1ol recibe al ingl\u00e9s por el partido de ida de la semifinal de la Orejona. El martes que viene se jugar\u00e1 la vuelta en Londres, que definir\u00e1 al primer finalista del certamen. Por ESPN y Fox Sports.\u00a0<a href=\"https:\/\/www.clarin.com\/deportes\/atletico-madrid-vs-arsenal-champions-league-2026-vivo-hora-formaciones-ver-primera-semifinal-equipo-cholo-simeone_0_KY6UJUQ6Wi.html\" target=\"_blank\" class=\"feedzy-rss-link-icon\">Read More<\/a><\/p>","protected":false},"excerpt":{"rendered":"<p>El conjunto espa\u00f1ol recibe al ingl\u00e9s por el partido de ida de la semifinal de&#8230;<\/p>\n","protected":false},"author":1,"featured_media":0,"comment_status":"open","ping_status":"open","sticky":false,"template":"","format":"standard","meta":{"footnotes":""},"categories":[6],"tags":[],"class_list":["post-61623","post","type-post","status-publish","format-standard","has-post-thumbnail","hentry","category-deportes"],"_links":{"self":[{"href":"https:\/\/masquenoticiastucuman.com.ar\/index.php?rest_route=\/wp\/v2\/posts\/61623","targetHints":{"allow":["GET"]}}],"collection":[{"href":"https:\/\/masquenoticiastucuman.com.ar\/index.php?rest_route=\/wp\/v2\/posts"}],"about":[{"href":"https:\/\/masquenoticiastucuman.com.ar\/index.php?rest_route=\/wp\/v2\/types\/post"}],"author":[{"embeddable":true,"href":"https:\/\/masquenoticiastucuman.com.ar\/index.php?rest_route=\/wp\/v2\/users\/1"}],"replies":[{"embeddable":true,"href":"https:\/\/masquenoticiastucuman.com.ar\/index.php?rest_route=%2Fwp%2Fv2%2Fcomments&post=61623"}],"version-history":[{"count":0,"href":"https:\/\/masquenoticiastucuman.com.ar\/index.php?rest_route=\/wp\/v2\/posts\/61623\/revisions"}],"wp:attachment":[{"href":"https:\/\/masquenoticiastucuman.com.ar\/index.php?rest_route=%2Fwp%2Fv2%2Fmedia&parent=61623"}],"wp:term":[{"taxonomy":"category","embeddable":true,"href":"https:\/\/masquenoticiastucuman.com.ar\/index.php?rest_route=%2Fwp%2Fv2%2Fcategories&post=61623"},{"taxonomy":"post_tag","embeddable":true,"href":"https:\/\/masquenoticiastucuman.com.ar\/index.php?rest_route=%2Fwp%2Fv2%2Ftags&post=61623"}],"curies":[{"name":"wp","href":"https:\/\/api.w.org\/{rel}","templated":true}]}}