{"id":61624,"date":"2026-04-29T11:43:40","date_gmt":"2026-04-29T14:43:40","guid":{"rendered":"http:\/\/masquenoticiastucuman.com.ar\/?p=61624"},"modified":"2026-04-29T11:43:40","modified_gmt":"2026-04-29T14:43:40","slug":"boca-cayo-con-cruzeiro-y-perdio-la-mistica-en-brasil-lleva-10-partidos-sin-ganar-y-es-la-peor-racha-de-su-historia","status":"publish","type":"post","link":"https:\/\/masquenoticiastucuman.com.ar\/?p=61624","title":{"rendered":"Boca cay\u00f3 con Cruzeiro, \u00bfy perdi\u00f3 la m\u00edstica en Brasil?: lleva 10 partidos sin ganar y es la peor racha de su historia"},"content":{"rendered":"<ul>\n<li>La derrota por Copa Libertadores dej\u00f3 con bronca al equipo de Claudio \u00dabeda.<\/li>\n<li>Respet\u00f3 demasiado al conjunto local, sufri\u00f3 la expulsi\u00f3n de Bareiro y lo pag\u00f3 caro.<\/li>\n<li>En otra \u00e9poca pisaba m\u00e1s fuerte en suelo brasile\u00f1o: all\u00ed gan\u00f3 sus \u00faltimas dos copas.<\/li>\n<\/ul>\n<p>\u200bLa derrota por Copa Libertadores dej\u00f3 con bronca al equipo de Claudio \u00dabeda.Respet\u00f3 demasiado al conjunto local, sufri\u00f3 la expulsi\u00f3n de Bareiro y lo pag\u00f3 caro.En otra \u00e9poca pisaba m\u00e1s fuerte en suelo brasile\u00f1o: all\u00ed gan\u00f3 sus \u00faltimas dos copas.\u00a0<a href=\"https:\/\/www.clarin.com\/deportes\/boca-cayo-cruzeiro-perdio-mistica-brasil-lleva-10-partidos-ganar-peor-racha-historia_0_WDzKcAU2SV.html\" target=\"_blank\" class=\"feedzy-rss-link-icon\">Read More<\/a><\/p>","protected":false},"excerpt":{"rendered":"<p>La derrota por Copa Libertadores dej\u00f3 con bronca al equipo de Claudio \u00dabeda. Respet\u00f3 demasiado&#8230;<\/p>\n","protected":false},"author":1,"featured_media":0,"comment_status":"open","ping_status":"open","sticky":false,"template":"","format":"standard","meta":{"footnotes":""},"categories":[6],"tags":[],"class_list":["post-61624","post","type-post","status-publish","format-standard","has-post-thumbnail","hentry","category-deportes"],"_links":{"self":[{"href":"https:\/\/masquenoticiastucuman.com.ar\/index.php?rest_route=\/wp\/v2\/posts\/61624","targetHints":{"allow":["GET"]}}],"collection":[{"href":"https:\/\/masquenoticiastucuman.com.ar\/index.php?rest_route=\/wp\/v2\/posts"}],"about":[{"href":"https:\/\/masquenoticiastucuman.com.ar\/index.php?rest_route=\/wp\/v2\/types\/post"}],"author":[{"embeddable":true,"href":"https:\/\/masquenoticiastucuman.com.ar\/index.php?rest_route=\/wp\/v2\/users\/1"}],"replies":[{"embeddable":true,"href":"https:\/\/masquenoticiastucuman.com.ar\/index.php?rest_route=%2Fwp%2Fv2%2Fcomments&post=61624"}],"version-history":[{"count":0,"href":"https:\/\/masquenoticiastucuman.com.ar\/index.php?rest_route=\/wp\/v2\/posts\/61624\/revisions"}],"wp:attachment":[{"href":"https:\/\/masquenoticiastucuman.com.ar\/index.php?rest_route=%2Fwp%2Fv2%2Fmedia&parent=61624"}],"wp:term":[{"taxonomy":"category","embeddable":true,"href":"https:\/\/masquenoticiastucuman.com.ar\/index.php?rest_route=%2Fwp%2Fv2%2Fcategories&post=61624"},{"taxonomy":"post_tag","embeddable":true,"href":"https:\/\/masquenoticiastucuman.com.ar\/index.php?rest_route=%2Fwp%2Fv2%2Ftags&post=61624"}],"curies":[{"name":"wp","href":"https:\/\/api.w.org\/{rel}","templated":true}]}}