{"id":61625,"date":"2026-04-29T13:10:41","date_gmt":"2026-04-29T16:10:41","guid":{"rendered":"http:\/\/masquenoticiastucuman.com.ar\/?p=61625"},"modified":"2026-04-29T13:10:41","modified_gmt":"2026-04-29T16:10:41","slug":"en-medio-de-la-mora-record-de-los-creditos-una-provincia-lanza-un-plan-para-desendeudar-a-empleados-publicos-y-privados","status":"publish","type":"post","link":"https:\/\/masquenoticiastucuman.com.ar\/?p=61625","title":{"rendered":"En medio de la mora r\u00e9cord de los cr\u00e9ditos, una provincia lanza un plan para desendeudar a empleados p\u00fablicos y privados"},"content":{"rendered":"<ul>\n<li>Ofrecer\u00e1 refinanciaci\u00f3n a tasas m\u00e1s bajas y un tope a las deducciones  autom\u00e1ticas del salario para el cobro de cuotas.<\/li>\n<li>La demora en el pago de los pr\u00e9stamos est\u00e1 en su nivel m\u00e1s alto en 20 a\u00f1os, seg\u00fan el BCRA.<\/li>\n<\/ul>\n<p>\u200bOfrecer\u00e1 refinanciaci\u00f3n a tasas m\u00e1s bajas y un tope a las deducciones  autom\u00e1ticas del salario para el cobro de cuotas.La demora en el pago de los pr\u00e9stamos est\u00e1 en su nivel m\u00e1s alto en 20 a\u00f1os, seg\u00fan el BCRA.\u00a0<a href=\"https:\/\/www.clarin.com\/economia\/medio-mora-record-creditos-provincia-lanza-plan-desendeudar-empleados-publicos-privados_0_xH1NrPL8pm.html\" target=\"_blank\" class=\"feedzy-rss-link-icon\">Read More<\/a><\/p>","protected":false},"excerpt":{"rendered":"<p>Ofrecer\u00e1 refinanciaci\u00f3n a tasas m\u00e1s bajas y un tope a las deducciones autom\u00e1ticas del salario&#8230;<\/p>\n","protected":false},"author":1,"featured_media":0,"comment_status":"open","ping_status":"open","sticky":false,"template":"","format":"standard","meta":{"footnotes":""},"categories":[3],"tags":[],"class_list":["post-61625","post","type-post","status-publish","format-standard","has-post-thumbnail","hentry","category-nacionales"],"_links":{"self":[{"href":"https:\/\/masquenoticiastucuman.com.ar\/index.php?rest_route=\/wp\/v2\/posts\/61625","targetHints":{"allow":["GET"]}}],"collection":[{"href":"https:\/\/masquenoticiastucuman.com.ar\/index.php?rest_route=\/wp\/v2\/posts"}],"about":[{"href":"https:\/\/masquenoticiastucuman.com.ar\/index.php?rest_route=\/wp\/v2\/types\/post"}],"author":[{"embeddable":true,"href":"https:\/\/masquenoticiastucuman.com.ar\/index.php?rest_route=\/wp\/v2\/users\/1"}],"replies":[{"embeddable":true,"href":"https:\/\/masquenoticiastucuman.com.ar\/index.php?rest_route=%2Fwp%2Fv2%2Fcomments&post=61625"}],"version-history":[{"count":0,"href":"https:\/\/masquenoticiastucuman.com.ar\/index.php?rest_route=\/wp\/v2\/posts\/61625\/revisions"}],"wp:attachment":[{"href":"https:\/\/masquenoticiastucuman.com.ar\/index.php?rest_route=%2Fwp%2Fv2%2Fmedia&parent=61625"}],"wp:term":[{"taxonomy":"category","embeddable":true,"href":"https:\/\/masquenoticiastucuman.com.ar\/index.php?rest_route=%2Fwp%2Fv2%2Fcategories&post=61625"},{"taxonomy":"post_tag","embeddable":true,"href":"https:\/\/masquenoticiastucuman.com.ar\/index.php?rest_route=%2Fwp%2Fv2%2Ftags&post=61625"}],"curies":[{"name":"wp","href":"https:\/\/api.w.org\/{rel}","templated":true}]}}