{"id":61626,"date":"2026-04-29T14:31:51","date_gmt":"2026-04-29T17:31:51","guid":{"rendered":"http:\/\/masquenoticiastucuman.com.ar\/?p=61626"},"modified":"2026-04-29T14:31:51","modified_gmt":"2026-04-29T17:31:51","slug":"lobos-solitarios-violencia-politica-y-resentimiento-que-advierten-los-expertos-despues-del-nuevo-intento-de-ataque-a-donald-trump","status":"publish","type":"post","link":"https:\/\/masquenoticiastucuman.com.ar\/?p=61626","title":{"rendered":"Lobos solitarios, violencia pol\u00edtica y resentimiento: qu\u00e9 advierten los expertos despu\u00e9s del nuevo intento de ataque a Donald Trump"},"content":{"rendered":"<ul>\n<li>El tiroteo del s\u00e1bado a la noche en el hotel donde se desarrollaba la tradicional cena anual con periodistas, en Washington, desat\u00f3 las alarmas.<\/li>\n<li>Las posibles explicaciones y las dudas sobre la posibilidad de que se repitan episodios como este.<\/li>\n<\/ul>\n<p>\u200bEl tiroteo del s\u00e1bado a la noche en el hotel donde se desarrollaba la tradicional cena anual con periodistas, en Washington, desat\u00f3 las alarmas.Las posibles explicaciones y las dudas sobre la posibilidad de que se repitan episodios como este.\u00a0<a href=\"https:\/\/www.clarin.com\/mundo\/lobos-solitarios-violencia-politica-resentimiento-advierten-expertos-despues-nuevo-intento-ataque-donald-trump_0_KXItJR25qM.html\" target=\"_blank\" class=\"feedzy-rss-link-icon\">Read More<\/a><\/p>","protected":false},"excerpt":{"rendered":"<p>El tiroteo del s\u00e1bado a la noche en el hotel donde se desarrollaba la tradicional&#8230;<\/p>\n","protected":false},"author":1,"featured_media":61627,"comment_status":"open","ping_status":"open","sticky":false,"template":"","format":"standard","meta":{"footnotes":""},"categories":[4],"tags":[],"class_list":["post-61626","post","type-post","status-publish","format-standard","has-post-thumbnail","hentry","category-internacionales"],"_links":{"self":[{"href":"https:\/\/masquenoticiastucuman.com.ar\/index.php?rest_route=\/wp\/v2\/posts\/61626","targetHints":{"allow":["GET"]}}],"collection":[{"href":"https:\/\/masquenoticiastucuman.com.ar\/index.php?rest_route=\/wp\/v2\/posts"}],"about":[{"href":"https:\/\/masquenoticiastucuman.com.ar\/index.php?rest_route=\/wp\/v2\/types\/post"}],"author":[{"embeddable":true,"href":"https:\/\/masquenoticiastucuman.com.ar\/index.php?rest_route=\/wp\/v2\/users\/1"}],"replies":[{"embeddable":true,"href":"https:\/\/masquenoticiastucuman.com.ar\/index.php?rest_route=%2Fwp%2Fv2%2Fcomments&post=61626"}],"version-history":[{"count":0,"href":"https:\/\/masquenoticiastucuman.com.ar\/index.php?rest_route=\/wp\/v2\/posts\/61626\/revisions"}],"wp:featuredmedia":[{"embeddable":true,"href":"https:\/\/masquenoticiastucuman.com.ar\/index.php?rest_route=\/wp\/v2\/media\/61627"}],"wp:attachment":[{"href":"https:\/\/masquenoticiastucuman.com.ar\/index.php?rest_route=%2Fwp%2Fv2%2Fmedia&parent=61626"}],"wp:term":[{"taxonomy":"category","embeddable":true,"href":"https:\/\/masquenoticiastucuman.com.ar\/index.php?rest_route=%2Fwp%2Fv2%2Fcategories&post=61626"},{"taxonomy":"post_tag","embeddable":true,"href":"https:\/\/masquenoticiastucuman.com.ar\/index.php?rest_route=%2Fwp%2Fv2%2Ftags&post=61626"}],"curies":[{"name":"wp","href":"https:\/\/api.w.org\/{rel}","templated":true}]}}