{"id":61628,"date":"2026-04-29T14:21:59","date_gmt":"2026-04-29T17:21:59","guid":{"rendered":"http:\/\/masquenoticiastucuman.com.ar\/?p=61628"},"modified":"2026-04-29T14:21:59","modified_gmt":"2026-04-29T17:21:59","slug":"el-rey-carlos-iii-y-la-reina-camila-visitan-el-memorial-del-11-s-en-nueva-york","status":"publish","type":"post","link":"https:\/\/masquenoticiastucuman.com.ar\/?p=61628","title":{"rendered":"El rey Carlos III y la reina Camila visitan el memorial del 11-S en Nueva York"},"content":{"rendered":"<ul>\n<li>El alcalde de la ciudad, Zohran Mamdani; la gobernadora del estado, Kathy Hochul, y el exalcalde Michael Bloomberg tambi\u00e9n asisten al acto, en el que se colocar\u00e1 una ofrenda floral en tributo a las v\u00edctimas del mayor atentado terrorista en EE.UU, que este a\u00f1o cumple 25 a\u00f1os.<\/li>\n<li>Tras culminar el acto, el rey brit\u00e1nico visitar\u00e1 una granja en el vecindario de Harlem.<\/li>\n<\/ul>\n<p>\u200bEl alcalde de la ciudad, Zohran Mamdani; la gobernadora del estado, Kathy Hochul, y el exalcalde Michael Bloomberg tambi\u00e9n asisten al acto, en el que se colocar\u00e1 una ofrenda floral en tributo a las v\u00edctimas del mayor atentado terrorista en EE.UU, que este a\u00f1o cumple 25 a\u00f1os.Tras culminar el acto, el rey brit\u00e1nico visitar\u00e1 una granja en el vecindario de Harlem.\u00a0<a href=\"https:\/\/www.clarin.com\/mundo\/rey-carlos-iii-reina-camila-visitan-memorial-11-s-nueva-york_0_nLgl1YqaMf.html\" target=\"_blank\" class=\"feedzy-rss-link-icon\">Read More<\/a><\/p>","protected":false},"excerpt":{"rendered":"<p>El alcalde de la ciudad, Zohran Mamdani; la gobernadora del estado, Kathy Hochul, y el&#8230;<\/p>\n","protected":false},"author":1,"featured_media":61629,"comment_status":"open","ping_status":"open","sticky":false,"template":"","format":"standard","meta":{"footnotes":""},"categories":[4],"tags":[],"class_list":["post-61628","post","type-post","status-publish","format-standard","has-post-thumbnail","hentry","category-internacionales"],"_links":{"self":[{"href":"https:\/\/masquenoticiastucuman.com.ar\/index.php?rest_route=\/wp\/v2\/posts\/61628","targetHints":{"allow":["GET"]}}],"collection":[{"href":"https:\/\/masquenoticiastucuman.com.ar\/index.php?rest_route=\/wp\/v2\/posts"}],"about":[{"href":"https:\/\/masquenoticiastucuman.com.ar\/index.php?rest_route=\/wp\/v2\/types\/post"}],"author":[{"embeddable":true,"href":"https:\/\/masquenoticiastucuman.com.ar\/index.php?rest_route=\/wp\/v2\/users\/1"}],"replies":[{"embeddable":true,"href":"https:\/\/masquenoticiastucuman.com.ar\/index.php?rest_route=%2Fwp%2Fv2%2Fcomments&post=61628"}],"version-history":[{"count":0,"href":"https:\/\/masquenoticiastucuman.com.ar\/index.php?rest_route=\/wp\/v2\/posts\/61628\/revisions"}],"wp:featuredmedia":[{"embeddable":true,"href":"https:\/\/masquenoticiastucuman.com.ar\/index.php?rest_route=\/wp\/v2\/media\/61629"}],"wp:attachment":[{"href":"https:\/\/masquenoticiastucuman.com.ar\/index.php?rest_route=%2Fwp%2Fv2%2Fmedia&parent=61628"}],"wp:term":[{"taxonomy":"category","embeddable":true,"href":"https:\/\/masquenoticiastucuman.com.ar\/index.php?rest_route=%2Fwp%2Fv2%2Fcategories&post=61628"},{"taxonomy":"post_tag","embeddable":true,"href":"https:\/\/masquenoticiastucuman.com.ar\/index.php?rest_route=%2Fwp%2Fv2%2Ftags&post=61628"}],"curies":[{"name":"wp","href":"https:\/\/api.w.org\/{rel}","templated":true}]}}