{"id":61630,"date":"2026-04-29T13:37:58","date_gmt":"2026-04-29T16:37:58","guid":{"rendered":"http:\/\/masquenoticiastucuman.com.ar\/?p=61630"},"modified":"2026-04-29T13:37:58","modified_gmt":"2026-04-29T16:37:58","slug":"la-casa-de-los-espiritus-volvio-en-formato-de-serie-por-que-vale-la-pena-revisitar-la-historia-escrita-por-isabel-allende","status":"publish","type":"post","link":"https:\/\/masquenoticiastucuman.com.ar\/?p=61630","title":{"rendered":"&#8220;La casa de los esp\u00edritus&#8221; volvi\u00f3 en formato de serie: por qu\u00e9 vale la pena revisitar la historia escrita por Isabel Allende"},"content":{"rendered":"<ul>\n<li>Este mi\u00e9rcoles, Prime Video estren\u00f3 los tres primeros cap\u00edtulos de la nueva adaptaci\u00f3n audiovisual del cl\u00e1sico de la autora chilena.<\/li>\n<li>Con m\u00e1s tiempo para desarrollar personajes y conflictos, la producci\u00f3n encuentra matices que el cine no hab\u00eda podido explorar.<\/li>\n<li>Dolores Fonzi s\u00f3lo aparece unos segundos sobre el final del tercer cap\u00edtulo. Luego, s\u00ed, su personaje tendr\u00e1 mucho peso en pantalla.<\/li>\n<\/ul>\n<p><\/p>\n<p><\/p>\n<p>\u200bEste mi\u00e9rcoles, Prime Video estren\u00f3 los tres primeros cap\u00edtulos de la nueva adaptaci\u00f3n audiovisual del cl\u00e1sico de la autora chilena.Con m\u00e1s tiempo para desarrollar personajes y conflictos, la producci\u00f3n encuentra matices que el cine no hab\u00eda podido explorar.Dolores Fonzi s\u00f3lo aparece unos segundos sobre el final del tercer cap\u00edtulo. Luego, s\u00ed, su personaje tendr\u00e1 mucho peso en pantalla.\u00a0<a href=\"https:\/\/www.clarin.com\/espectaculos\/casa-espiritus-volvio-formato-serie-vale-pena-revisitar-historia-escrita-isabel-allende_0_8dvXSDAVM0.html\" target=\"_blank\" class=\"feedzy-rss-link-icon\">Read More<\/a><\/p>","protected":false},"excerpt":{"rendered":"<p>Este mi\u00e9rcoles, Prime Video estren\u00f3 los tres primeros cap\u00edtulos de la nueva adaptaci\u00f3n audiovisual del&#8230;<\/p>\n","protected":false},"author":1,"featured_media":0,"comment_status":"open","ping_status":"open","sticky":false,"template":"","format":"standard","meta":{"footnotes":""},"categories":[5],"tags":[],"class_list":["post-61630","post","type-post","status-publish","format-standard","has-post-thumbnail","hentry","category-espectaculo"],"_links":{"self":[{"href":"https:\/\/masquenoticiastucuman.com.ar\/index.php?rest_route=\/wp\/v2\/posts\/61630","targetHints":{"allow":["GET"]}}],"collection":[{"href":"https:\/\/masquenoticiastucuman.com.ar\/index.php?rest_route=\/wp\/v2\/posts"}],"about":[{"href":"https:\/\/masquenoticiastucuman.com.ar\/index.php?rest_route=\/wp\/v2\/types\/post"}],"author":[{"embeddable":true,"href":"https:\/\/masquenoticiastucuman.com.ar\/index.php?rest_route=\/wp\/v2\/users\/1"}],"replies":[{"embeddable":true,"href":"https:\/\/masquenoticiastucuman.com.ar\/index.php?rest_route=%2Fwp%2Fv2%2Fcomments&post=61630"}],"version-history":[{"count":0,"href":"https:\/\/masquenoticiastucuman.com.ar\/index.php?rest_route=\/wp\/v2\/posts\/61630\/revisions"}],"wp:attachment":[{"href":"https:\/\/masquenoticiastucuman.com.ar\/index.php?rest_route=%2Fwp%2Fv2%2Fmedia&parent=61630"}],"wp:term":[{"taxonomy":"category","embeddable":true,"href":"https:\/\/masquenoticiastucuman.com.ar\/index.php?rest_route=%2Fwp%2Fv2%2Fcategories&post=61630"},{"taxonomy":"post_tag","embeddable":true,"href":"https:\/\/masquenoticiastucuman.com.ar\/index.php?rest_route=%2Fwp%2Fv2%2Ftags&post=61630"}],"curies":[{"name":"wp","href":"https:\/\/api.w.org\/{rel}","templated":true}]}}