{"id":61633,"date":"2026-04-29T16:44:56","date_gmt":"2026-04-29T19:44:56","guid":{"rendered":"http:\/\/masquenoticiastucuman.com.ar\/?p=61633"},"modified":"2026-04-29T16:44:56","modified_gmt":"2026-04-29T19:44:56","slug":"techint-volvio-a-perder-y-un-gasoducto-clave-quedo-para-victor-contreras-y-la-italiana-sicim","status":"publish","type":"post","link":"https:\/\/masquenoticiastucuman.com.ar\/?p=61633","title":{"rendered":"Techint volvi\u00f3 a perder y un gasoducto clave qued\u00f3 para V\u00edctor Contreras y la italiana SICIM"},"content":{"rendered":"<ul>\n<li>Un consorcio integrado por PAE, YPF y Pampa Energ\u00eda, entre otros, adjudic\u00f3 la construcci\u00f3n del gasoducto a la empresa argentina V\u00edctor Contreras y la italiana SICIM.<\/li>\n<li>Las constructoras Techint y SACDE, de Paolo Rocca y la familia Mindlin, quedaron afuera.<\/li>\n<li>Antes la empresa de los Rocca hab\u00eda perdido la licitaci\u00f3n de los tubos y la ganadora fue una empresa india.<\/li>\n<\/ul>\n<p>\u200bUn consorcio integrado por PAE, YPF y Pampa Energ\u00eda, entre otros, adjudic\u00f3 la construcci\u00f3n del gasoducto a la empresa argentina V\u00edctor Contreras y la italiana SICIM.Las constructoras Techint y SACDE, de Paolo Rocca y la familia Mindlin, quedaron afuera.Antes la empresa de los Rocca hab\u00eda perdido la licitaci\u00f3n de los tubos y la ganadora fue una empresa india.\u00a0<a href=\"https:\/\/www.clarin.com\/economia\/techint-volvio-perder-gasoducto-clave-quedo-victor-contreras-italiana-sicim_0_RZVPkix0yy.html\" target=\"_blank\" class=\"feedzy-rss-link-icon\">Read More<\/a><\/p>","protected":false},"excerpt":{"rendered":"<p>Un consorcio integrado por PAE, YPF y Pampa Energ\u00eda, entre otros, adjudic\u00f3 la construcci\u00f3n del&#8230;<\/p>\n","protected":false},"author":1,"featured_media":0,"comment_status":"open","ping_status":"open","sticky":false,"template":"","format":"standard","meta":{"footnotes":""},"categories":[3],"tags":[],"class_list":["post-61633","post","type-post","status-publish","format-standard","has-post-thumbnail","hentry","category-nacionales"],"_links":{"self":[{"href":"https:\/\/masquenoticiastucuman.com.ar\/index.php?rest_route=\/wp\/v2\/posts\/61633","targetHints":{"allow":["GET"]}}],"collection":[{"href":"https:\/\/masquenoticiastucuman.com.ar\/index.php?rest_route=\/wp\/v2\/posts"}],"about":[{"href":"https:\/\/masquenoticiastucuman.com.ar\/index.php?rest_route=\/wp\/v2\/types\/post"}],"author":[{"embeddable":true,"href":"https:\/\/masquenoticiastucuman.com.ar\/index.php?rest_route=\/wp\/v2\/users\/1"}],"replies":[{"embeddable":true,"href":"https:\/\/masquenoticiastucuman.com.ar\/index.php?rest_route=%2Fwp%2Fv2%2Fcomments&post=61633"}],"version-history":[{"count":0,"href":"https:\/\/masquenoticiastucuman.com.ar\/index.php?rest_route=\/wp\/v2\/posts\/61633\/revisions"}],"wp:attachment":[{"href":"https:\/\/masquenoticiastucuman.com.ar\/index.php?rest_route=%2Fwp%2Fv2%2Fmedia&parent=61633"}],"wp:term":[{"taxonomy":"category","embeddable":true,"href":"https:\/\/masquenoticiastucuman.com.ar\/index.php?rest_route=%2Fwp%2Fv2%2Fcategories&post=61633"},{"taxonomy":"post_tag","embeddable":true,"href":"https:\/\/masquenoticiastucuman.com.ar\/index.php?rest_route=%2Fwp%2Fv2%2Ftags&post=61633"}],"curies":[{"name":"wp","href":"https:\/\/api.w.org\/{rel}","templated":true}]}}