{"id":61634,"date":"2026-04-29T16:33:05","date_gmt":"2026-04-29T19:33:05","guid":{"rendered":"http:\/\/masquenoticiastucuman.com.ar\/?p=61634"},"modified":"2026-04-29T16:33:05","modified_gmt":"2026-04-29T19:33:05","slug":"fiebre-aftosa-una-delegacion-de-sudafrica-visito-un-laboratorio-argentino-de-salud-animal-en-el-marco-de-la-emergencia-sanitaria","status":"publish","type":"post","link":"https:\/\/masquenoticiastucuman.com.ar\/?p=61634","title":{"rendered":"Fiebre aftosa: una delegaci\u00f3n de Sud\u00e1frica visit\u00f3 un laboratorio argentino de salud animal en el marco de la emergencia sanitaria"},"content":{"rendered":"<ul>\n<li>John Henry Steenhuisen, ministro de Agricultura del pa\u00eds africano, lleg\u00f3 al pa\u00eds junto a expertos y representantes de productores locales, y recorri\u00f3 la planta de Biog\u00e9nesis Bag\u00f3, en Gar\u00edn.<\/li>\n<li>La compa\u00f1\u00eda ya envi\u00f3 2,5 millones de dosis de vacunas de las 6 millones acordadas.<\/li>\n<\/ul>\n<p>\u200bJohn Henry Steenhuisen, ministro de Agricultura del pa\u00eds africano, lleg\u00f3 al pa\u00eds junto a expertos y representantes de productores locales, y recorri\u00f3 la planta de Biog\u00e9nesis Bag\u00f3, en Gar\u00edn.La compa\u00f1\u00eda ya envi\u00f3 2,5 millones de dosis de vacunas de las 6 millones acordadas.\u00a0<a href=\"https:\/\/www.clarin.com\/rural\/fiebre-aftosa-delegacion-sudafrica-visito-laboratorio-argentino-salud-animal-marco-emergencia-sanitaria_0_ExJbHgDNgG.html\" target=\"_blank\" class=\"feedzy-rss-link-icon\">Read More<\/a><\/p>","protected":false},"excerpt":{"rendered":"<p>John Henry Steenhuisen, ministro de Agricultura del pa\u00eds africano, lleg\u00f3 al pa\u00eds junto a expertos&#8230;<\/p>\n","protected":false},"author":1,"featured_media":0,"comment_status":"open","ping_status":"open","sticky":false,"template":"","format":"standard","meta":{"footnotes":""},"categories":[3],"tags":[],"class_list":["post-61634","post","type-post","status-publish","format-standard","has-post-thumbnail","hentry","category-nacionales"],"_links":{"self":[{"href":"https:\/\/masquenoticiastucuman.com.ar\/index.php?rest_route=\/wp\/v2\/posts\/61634","targetHints":{"allow":["GET"]}}],"collection":[{"href":"https:\/\/masquenoticiastucuman.com.ar\/index.php?rest_route=\/wp\/v2\/posts"}],"about":[{"href":"https:\/\/masquenoticiastucuman.com.ar\/index.php?rest_route=\/wp\/v2\/types\/post"}],"author":[{"embeddable":true,"href":"https:\/\/masquenoticiastucuman.com.ar\/index.php?rest_route=\/wp\/v2\/users\/1"}],"replies":[{"embeddable":true,"href":"https:\/\/masquenoticiastucuman.com.ar\/index.php?rest_route=%2Fwp%2Fv2%2Fcomments&post=61634"}],"version-history":[{"count":0,"href":"https:\/\/masquenoticiastucuman.com.ar\/index.php?rest_route=\/wp\/v2\/posts\/61634\/revisions"}],"wp:attachment":[{"href":"https:\/\/masquenoticiastucuman.com.ar\/index.php?rest_route=%2Fwp%2Fv2%2Fmedia&parent=61634"}],"wp:term":[{"taxonomy":"category","embeddable":true,"href":"https:\/\/masquenoticiastucuman.com.ar\/index.php?rest_route=%2Fwp%2Fv2%2Fcategories&post=61634"},{"taxonomy":"post_tag","embeddable":true,"href":"https:\/\/masquenoticiastucuman.com.ar\/index.php?rest_route=%2Fwp%2Fv2%2Ftags&post=61634"}],"curies":[{"name":"wp","href":"https:\/\/api.w.org\/{rel}","templated":true}]}}