{"id":61635,"date":"2026-04-29T16:56:13","date_gmt":"2026-04-29T19:56:13","guid":{"rendered":"http:\/\/masquenoticiastucuman.com.ar\/?p=61635"},"modified":"2026-04-29T16:56:13","modified_gmt":"2026-04-29T19:56:13","slug":"estados-unidos-en-un-fallo-clave-la-corte-suprema-cambio-una-medida-electoral-que-podria-favorecer-a-los-republicanos","status":"publish","type":"post","link":"https:\/\/masquenoticiastucuman.com.ar\/?p=61635","title":{"rendered":"Estados Unidos: en un fallo clave, la Corte Suprema cambi\u00f3 una medida electoral que podr\u00eda favorecer a los republicanos"},"content":{"rendered":"<ul>\n<li>De mayor\u00eda conservadora, el tribunal cambi\u00f3 una medida que impide a los Estados redise\u00f1ar distritos con criterios raciales.<\/li>\n<li>Una decisi\u00f3n que limita los derechos de las minor\u00edas y que podr\u00eda abrir la puerta a que republicanos recuperen circunscripciones de mayor\u00eda negra en el sur del pa\u00eds.<\/li>\n<\/ul>\n<p>\u200bDe mayor\u00eda conservadora, el tribunal cambi\u00f3 una medida que impide a los Estados redise\u00f1ar distritos con criterios raciales.Una decisi\u00f3n que limita los derechos de las minor\u00edas y que podr\u00eda abrir la puerta a que republicanos recuperen circunscripciones de mayor\u00eda negra en el sur del pa\u00eds.\u00a0<a href=\"https:\/\/www.clarin.com\/mundo\/estados-unidos-fallo-clave-corte-suprema-cambio-medida-electoral-podria-favorecer-republicanos_0_94OzUZCM0s.html\" target=\"_blank\" class=\"feedzy-rss-link-icon\">Read More<\/a><\/p>","protected":false},"excerpt":{"rendered":"<p>De mayor\u00eda conservadora, el tribunal cambi\u00f3 una medida que impide a los Estados redise\u00f1ar distritos&#8230;<\/p>\n","protected":false},"author":1,"featured_media":61636,"comment_status":"open","ping_status":"open","sticky":false,"template":"","format":"standard","meta":{"footnotes":""},"categories":[4],"tags":[],"class_list":["post-61635","post","type-post","status-publish","format-standard","has-post-thumbnail","hentry","category-internacionales"],"_links":{"self":[{"href":"https:\/\/masquenoticiastucuman.com.ar\/index.php?rest_route=\/wp\/v2\/posts\/61635","targetHints":{"allow":["GET"]}}],"collection":[{"href":"https:\/\/masquenoticiastucuman.com.ar\/index.php?rest_route=\/wp\/v2\/posts"}],"about":[{"href":"https:\/\/masquenoticiastucuman.com.ar\/index.php?rest_route=\/wp\/v2\/types\/post"}],"author":[{"embeddable":true,"href":"https:\/\/masquenoticiastucuman.com.ar\/index.php?rest_route=\/wp\/v2\/users\/1"}],"replies":[{"embeddable":true,"href":"https:\/\/masquenoticiastucuman.com.ar\/index.php?rest_route=%2Fwp%2Fv2%2Fcomments&post=61635"}],"version-history":[{"count":0,"href":"https:\/\/masquenoticiastucuman.com.ar\/index.php?rest_route=\/wp\/v2\/posts\/61635\/revisions"}],"wp:featuredmedia":[{"embeddable":true,"href":"https:\/\/masquenoticiastucuman.com.ar\/index.php?rest_route=\/wp\/v2\/media\/61636"}],"wp:attachment":[{"href":"https:\/\/masquenoticiastucuman.com.ar\/index.php?rest_route=%2Fwp%2Fv2%2Fmedia&parent=61635"}],"wp:term":[{"taxonomy":"category","embeddable":true,"href":"https:\/\/masquenoticiastucuman.com.ar\/index.php?rest_route=%2Fwp%2Fv2%2Fcategories&post=61635"},{"taxonomy":"post_tag","embeddable":true,"href":"https:\/\/masquenoticiastucuman.com.ar\/index.php?rest_route=%2Fwp%2Fv2%2Ftags&post=61635"}],"curies":[{"name":"wp","href":"https:\/\/api.w.org\/{rel}","templated":true}]}}