{"id":61637,"date":"2026-04-29T16:33:08","date_gmt":"2026-04-29T19:33:08","guid":{"rendered":"http:\/\/masquenoticiastucuman.com.ar\/?p=61637"},"modified":"2026-04-29T16:33:08","modified_gmt":"2026-04-29T19:33:08","slug":"putin-y-trump-hablaron-por-telefono-mas-de-una-hora-sobre-la-guerra-en-medio-oriente-y-la-situacion-en-ucrania","status":"publish","type":"post","link":"https:\/\/masquenoticiastucuman.com.ar\/?p=61637","title":{"rendered":"Putin y Trump hablaron por tel\u00e9fono m\u00e1s de una hora sobre la guerra en Medio Oriente y la situaci\u00f3n en Ucrania"},"content":{"rendered":"<ul>\n<li>Los l\u00edderes de Estados Unidos y Rusia mantuvieron una conversaci\u00f3n que dur\u00f3 m\u00e1s de una hora y media.<\/li>\n<li>Seg\u00fan los rusos, Putin present\u00f3 algunas propuestas para solucionar el conflicto con Ir\u00e1n y un alto al fuego temporal con Ucrania.<\/li>\n<\/ul>\n<p>\u200bLos l\u00edderes de Estados Unidos y Rusia mantuvieron una conversaci\u00f3n que dur\u00f3 m\u00e1s de una hora y media.Seg\u00fan los rusos, Putin present\u00f3 algunas propuestas para solucionar el conflicto con Ir\u00e1n y un alto al fuego temporal con Ucrania.\u00a0<a href=\"https:\/\/www.clarin.com\/mundo\/putin-trump-hablaron-telefono-hora-guerra-medio-oriente-situacion-ucrania_0_rv1TuLtIFs.html\" target=\"_blank\" class=\"feedzy-rss-link-icon\">Read More<\/a><\/p>","protected":false},"excerpt":{"rendered":"<p>Los l\u00edderes de Estados Unidos y Rusia mantuvieron una conversaci\u00f3n que dur\u00f3 m\u00e1s de una&#8230;<\/p>\n","protected":false},"author":1,"featured_media":61638,"comment_status":"open","ping_status":"open","sticky":false,"template":"","format":"standard","meta":{"footnotes":""},"categories":[4],"tags":[],"class_list":["post-61637","post","type-post","status-publish","format-standard","has-post-thumbnail","hentry","category-internacionales"],"_links":{"self":[{"href":"https:\/\/masquenoticiastucuman.com.ar\/index.php?rest_route=\/wp\/v2\/posts\/61637","targetHints":{"allow":["GET"]}}],"collection":[{"href":"https:\/\/masquenoticiastucuman.com.ar\/index.php?rest_route=\/wp\/v2\/posts"}],"about":[{"href":"https:\/\/masquenoticiastucuman.com.ar\/index.php?rest_route=\/wp\/v2\/types\/post"}],"author":[{"embeddable":true,"href":"https:\/\/masquenoticiastucuman.com.ar\/index.php?rest_route=\/wp\/v2\/users\/1"}],"replies":[{"embeddable":true,"href":"https:\/\/masquenoticiastucuman.com.ar\/index.php?rest_route=%2Fwp%2Fv2%2Fcomments&post=61637"}],"version-history":[{"count":0,"href":"https:\/\/masquenoticiastucuman.com.ar\/index.php?rest_route=\/wp\/v2\/posts\/61637\/revisions"}],"wp:featuredmedia":[{"embeddable":true,"href":"https:\/\/masquenoticiastucuman.com.ar\/index.php?rest_route=\/wp\/v2\/media\/61638"}],"wp:attachment":[{"href":"https:\/\/masquenoticiastucuman.com.ar\/index.php?rest_route=%2Fwp%2Fv2%2Fmedia&parent=61637"}],"wp:term":[{"taxonomy":"category","embeddable":true,"href":"https:\/\/masquenoticiastucuman.com.ar\/index.php?rest_route=%2Fwp%2Fv2%2Fcategories&post=61637"},{"taxonomy":"post_tag","embeddable":true,"href":"https:\/\/masquenoticiastucuman.com.ar\/index.php?rest_route=%2Fwp%2Fv2%2Ftags&post=61637"}],"curies":[{"name":"wp","href":"https:\/\/api.w.org\/{rel}","templated":true}]}}